{"id":102,"date":"2026-08-28T11:09:25","date_gmt":"2026-08-28T14:09:25","guid":{"rendered":"https:\/\/conexaoesportiva.org\/cms\/?p=102"},"modified":"2026-08-28T11:10:11","modified_gmt":"2026-08-28T14:10:11","slug":"salvador-recebe-competicao-que-transforma-a-capoeira-em-espetaculo-esportivo-no-pelourinho","status":"publish","type":"post","link":"https:\/\/conexaoesportiva.org\/cms\/salvador-recebe-competicao-que-transforma-a-capoeira-em-espetaculo-esportivo-no-pelourinho\/","title":{"rendered":"Salvador recebe competi\u00e7\u00e3o que transforma a capoeira em espet\u00e1culo esportivo no Pelourinho"},"content":{"rendered":"\n<p class=\"wp-block-paragraph\">Red Bull Paranau\u00ea re\u00fane 16 dos principais capoeiristas do mundo neste s\u00e1bado, com entrada gratuita na Pra\u00e7a da Cruz Ca\u00edda.<\/p>\n\n\n\n<p class=\"wp-block-paragraph\"><\/p>\n\n\n\n<p class=\"wp-block-paragraph\">Salvador ser\u00e1 novamente palco de uma competi\u00e7\u00e3o que coloca a capoeira no centro da cena esportiva. Neste s\u00e1bado (29), a Pra\u00e7a da Cruz Ca\u00edda, no Centro Hist\u00f3rico, recebe a quinta edi\u00e7\u00e3o do Red Bull Paranau\u00ea, a partir das 13h.<\/p>\n\n\n\n<p class=\"wp-block-paragraph\">A competi\u00e7\u00e3o re\u00fane 16 capoeiristas, oito homens e oito mulheres, em uma disputa eliminat\u00f3ria que exige dos participantes dom\u00ednio de diferentes estilos da modalidade.<\/p>\n\n\n\n<p class=\"wp-block-paragraph\">Um dos diferenciais da competi\u00e7\u00e3o est\u00e1 justamente na din\u00e2mica dos confrontos. Antes de cada disputa, uma roleta define o toque do berimbau e, consequentemente, o estilo que ser\u00e1 utilizado: Angola, Regional ou Contempor\u00e2nea.<\/p>\n\n\n\n<p class=\"wp-block-paragraph\">O formato transforma a capoeira em uma experi\u00eancia esportiva que exige adapta\u00e7\u00e3o, t\u00e9cnica, agilidade e conhecimento de suas diferentes tradi\u00e7\u00f5es.<\/p>\n\n\n\n<p class=\"wp-block-paragraph\">A escolha de Salvador como sede tamb\u00e9m ganha significado especial. A cidade \u00e9 um dos principais territ\u00f3rios hist\u00f3ricos da capoeira e, desde 2024, a Pra\u00e7a da Cruz Ca\u00edda passou a receber o evento.<\/p>\n\n\n\n<p class=\"wp-block-paragraph\">Al\u00e9m da disputa, a realiza\u00e7\u00e3o em espa\u00e7o p\u00fablico e com entrada gratuita aproxima moradores e visitantes de uma modalidade que carrega uma forte dimens\u00e3o cultural, mas tamb\u00e9m exige prepara\u00e7\u00e3o f\u00edsica, t\u00e9cnica e alto n\u00edvel de performance.<\/p>\n\n\n\n<p class=\"wp-block-paragraph\">O evento acontece a partir das 13h e tem entrada gratuita.<\/p>\n\n\n\n<p class=\"wp-block-paragraph\">Servi\u00e7o<\/p>\n\n\n\n<p class=\"wp-block-paragraph\">Red Bull Paranau\u00ea 2026<br>\ud83d\udccd Pra\u00e7a da Cruz Ca\u00edda, Centro Hist\u00f3rico de Salvador<br>\ud83d\udcc5 S\u00e1bado, 29 de agosto<br>\u23f0 A partir das 13h<br>\ud83c\udf9f\ufe0f Entrada gratuita<\/p>\n","protected":false},"excerpt":{"rendered":"<p>Red Bull Paranau\u00ea re\u00fane 16 dos principais capoeiristas do mundo neste s\u00e1bado, com entrada gratuita na Pra\u00e7a da Cruz Ca\u00edda. Salvador ser\u00e1\u2026<\/p>\n","protected":false},"author":2,"featured_media":103,"comment_status":"open","ping_status":"open","sticky":false,"template":"","format":"standard","meta":{"footnotes":""},"categories":[3,2],"tags":[],"class_list":["post-102","post","type-post","status-publish","format-standard","has-post-thumbnail","hentry","category-eventos","category-noticias"],"yoast_head":"<!-- This site is optimized with the Yoast SEO plugin v28.2 - https:\/\/yoast.com\/product\/yoast-seo-wordpress\/ -->\n<title>Salvador recebe competi\u00e7\u00e3o que transforma a capoeira em espet\u00e1culo esportivo no Pelourinho - Conex\u00e3o Esportiva<\/title>\n<meta name=\"robots\" content=\"index, follow, max-snippet:-1, max-image-preview:large, max-video-preview:-1\" \/>\n<link rel=\"canonical\" href=\"https:\/\/conexaoesportiva.org\/cms\/salvador-recebe-competicao-que-transforma-a-capoeira-em-espetaculo-esportivo-no-pelourinho\/\" \/>\n<meta property=\"og:locale\" content=\"pt_BR\" \/>\n<meta property=\"og:type\" content=\"article\" \/>\n<meta property=\"og:title\" content=\"Salvador recebe competi\u00e7\u00e3o que transforma a capoeira em espet\u00e1culo esportivo no Pelourinho - Conex\u00e3o Esportiva\" \/>\n<meta property=\"og:description\" content=\"Red Bull Paranau\u00ea re\u00fane 16 dos principais capoeiristas do mundo neste s\u00e1bado, com entrada gratuita na Pra\u00e7a da Cruz Ca\u00edda. Salvador ser\u00e1\u2026\" \/>\n<meta property=\"og:url\" content=\"https:\/\/conexaoesportiva.org\/cms\/salvador-recebe-competicao-que-transforma-a-capoeira-em-espetaculo-esportivo-no-pelourinho\/\" \/>\n<meta property=\"og:site_name\" content=\"Conex\u00e3o Esportiva\" \/>\n<meta property=\"article:published_time\" content=\"2026-08-28T14:09:25+00:00\" \/>\n<meta property=\"article:modified_time\" content=\"2026-08-28T14:10:11+00:00\" \/>\n<meta property=\"og:image\" content=\"https:\/\/conexaoesportiva.org\/cms\/wp-content\/uploads\/2026\/08\/WhatsApp-Image-2026-08-28-at-11.08.31.jpeg\" \/>\n\t<meta property=\"og:image:width\" content=\"1320\" \/>\n\t<meta property=\"og:image:height\" content=\"864\" \/>\n\t<meta property=\"og:image:type\" content=\"image\/jpeg\" \/>\n<meta name=\"author\" content=\"Mari Dias\" \/>\n<meta name=\"twitter:card\" content=\"summary_large_image\" \/>\n<meta name=\"twitter:label1\" content=\"Escrito por\" \/>\n\t<meta name=\"twitter:data1\" content=\"Mari Dias\" \/>\n\t<meta name=\"twitter:label2\" content=\"Est. tempo de leitura\" \/>\n\t<meta name=\"twitter:data2\" content=\"2 minutos\" \/>\n<script type=\"application\/ld+json\" class=\"yoast-schema-graph\">{\"@context\":\"https:\\\/\\\/schema.org\",\"@graph\":[{\"@type\":\"Article\",\"@id\":\"https:\\\/\\\/conexaoesportiva.org\\\/cms\\\/salvador-recebe-competicao-que-transforma-a-capoeira-em-espetaculo-esportivo-no-pelourinho\\\/#article\",\"isPartOf\":{\"@id\":\"https:\\\/\\\/conexaoesportiva.org\\\/cms\\\/salvador-recebe-competicao-que-transforma-a-capoeira-em-espetaculo-esportivo-no-pelourinho\\\/\"},\"author\":{\"name\":\"Mari Dias\",\"@id\":\"https:\\\/\\\/conexaoesportiva.org\\\/cms\\\/#\\\/schema\\\/person\\\/bc5adab05e4a951930ef9f307d42f670\"},\"headline\":\"Salvador recebe competi\u00e7\u00e3o que transforma a capoeira em espet\u00e1culo esportivo no Pelourinho\",\"datePublished\":\"2026-08-28T14:09:25+00:00\",\"dateModified\":\"2026-08-28T14:10:11+00:00\",\"mainEntityOfPage\":{\"@id\":\"https:\\\/\\\/conexaoesportiva.org\\\/cms\\\/salvador-recebe-competicao-que-transforma-a-capoeira-em-espetaculo-esportivo-no-pelourinho\\\/\"},\"wordCount\":287,\"commentCount\":0,\"publisher\":{\"@id\":\"https:\\\/\\\/conexaoesportiva.org\\\/cms\\\/#organization\"},\"image\":{\"@id\":\"https:\\\/\\\/conexaoesportiva.org\\\/cms\\\/salvador-recebe-competicao-que-transforma-a-capoeira-em-espetaculo-esportivo-no-pelourinho\\\/#primaryimage\"},\"thumbnailUrl\":\"https:\\\/\\\/conexaoesportiva.org\\\/cms\\\/wp-content\\\/uploads\\\/2026\\\/08\\\/WhatsApp-Image-2026-08-28-at-11.08.31.jpeg\",\"articleSection\":[\"Eventos\",\"Not\u00edcias\"],\"inLanguage\":\"pt-BR\",\"potentialAction\":[{\"@type\":\"CommentAction\",\"name\":\"Comment\",\"target\":[\"https:\\\/\\\/conexaoesportiva.org\\\/cms\\\/salvador-recebe-competicao-que-transforma-a-capoeira-em-espetaculo-esportivo-no-pelourinho\\\/#respond\"]}]},{\"@type\":\"WebPage\",\"@id\":\"https:\\\/\\\/conexaoesportiva.org\\\/cms\\\/salvador-recebe-competicao-que-transforma-a-capoeira-em-espetaculo-esportivo-no-pelourinho\\\/\",\"url\":\"https:\\\/\\\/conexaoesportiva.org\\\/cms\\\/salvador-recebe-competicao-que-transforma-a-capoeira-em-espetaculo-esportivo-no-pelourinho\\\/\",\"name\":\"Salvador recebe competi\u00e7\u00e3o que transforma a capoeira em espet\u00e1culo esportivo no Pelourinho - Conex\u00e3o Esportiva\",\"isPartOf\":{\"@id\":\"https:\\\/\\\/conexaoesportiva.org\\\/cms\\\/#website\"},\"primaryImageOfPage\":{\"@id\":\"https:\\\/\\\/conexaoesportiva.org\\\/cms\\\/salvador-recebe-competicao-que-transforma-a-capoeira-em-espetaculo-esportivo-no-pelourinho\\\/#primaryimage\"},\"image\":{\"@id\":\"https:\\\/\\\/conexaoesportiva.org\\\/cms\\\/salvador-recebe-competicao-que-transforma-a-capoeira-em-espetaculo-esportivo-no-pelourinho\\\/#primaryimage\"},\"thumbnailUrl\":\"https:\\\/\\\/conexaoesportiva.org\\\/cms\\\/wp-content\\\/uploads\\\/2026\\\/08\\\/WhatsApp-Image-2026-08-28-at-11.08.31.jpeg\",\"datePublished\":\"2026-08-28T14:09:25+00:00\",\"dateModified\":\"2026-08-28T14:10:11+00:00\",\"breadcrumb\":{\"@id\":\"https:\\\/\\\/conexaoesportiva.org\\\/cms\\\/salvador-recebe-competicao-que-transforma-a-capoeira-em-espetaculo-esportivo-no-pelourinho\\\/#breadcrumb\"},\"inLanguage\":\"pt-BR\",\"potentialAction\":[{\"@type\":\"ReadAction\",\"target\":[\"https:\\\/\\\/conexaoesportiva.org\\\/cms\\\/salvador-recebe-competicao-que-transforma-a-capoeira-em-espetaculo-esportivo-no-pelourinho\\\/\"]}]},{\"@type\":\"ImageObject\",\"inLanguage\":\"pt-BR\",\"@id\":\"https:\\\/\\\/conexaoesportiva.org\\\/cms\\\/salvador-recebe-competicao-que-transforma-a-capoeira-em-espetaculo-esportivo-no-pelourinho\\\/#primaryimage\",\"url\":\"https:\\\/\\\/conexaoesportiva.org\\\/cms\\\/wp-content\\\/uploads\\\/2026\\\/08\\\/WhatsApp-Image-2026-08-28-at-11.08.31.jpeg\",\"contentUrl\":\"https:\\\/\\\/conexaoesportiva.org\\\/cms\\\/wp-content\\\/uploads\\\/2026\\\/08\\\/WhatsApp-Image-2026-08-28-at-11.08.31.jpeg\",\"width\":1320,\"height\":864},{\"@type\":\"BreadcrumbList\",\"@id\":\"https:\\\/\\\/conexaoesportiva.org\\\/cms\\\/salvador-recebe-competicao-que-transforma-a-capoeira-em-espetaculo-esportivo-no-pelourinho\\\/#breadcrumb\",\"itemListElement\":[{\"@type\":\"ListItem\",\"position\":1,\"name\":\"In\u00edcio\",\"item\":\"https:\\\/\\\/conexaoesportiva.org\\\/cms\\\/\"},{\"@type\":\"ListItem\",\"position\":2,\"name\":\"Salvador recebe competi\u00e7\u00e3o que transforma a capoeira em espet\u00e1culo esportivo no Pelourinho\"}]},{\"@type\":\"WebSite\",\"@id\":\"https:\\\/\\\/conexaoesportiva.org\\\/cms\\\/#website\",\"url\":\"https:\\\/\\\/conexaoesportiva.org\\\/cms\\\/\",\"name\":\"Conex\u00e3o Esportiva\",\"description\":\"Hub de comunica\u00e7\u00e3o, experi\u00eancias e neg\u00f3cios no esporte.\",\"publisher\":{\"@id\":\"https:\\\/\\\/conexaoesportiva.org\\\/cms\\\/#organization\"},\"potentialAction\":[{\"@type\":\"SearchAction\",\"target\":{\"@type\":\"EntryPoint\",\"urlTemplate\":\"https:\\\/\\\/conexaoesportiva.org\\\/cms\\\/?s={search_term_string}\"},\"query-input\":{\"@type\":\"PropertyValueSpecification\",\"valueRequired\":true,\"valueName\":\"search_term_string\"}}],\"inLanguage\":\"pt-BR\"},{\"@type\":\"Organization\",\"@id\":\"https:\\\/\\\/conexaoesportiva.org\\\/cms\\\/#organization\",\"name\":\"Conex\u00e3o Esportiva\",\"url\":\"https:\\\/\\\/conexaoesportiva.org\\\/cms\\\/\",\"logo\":{\"@type\":\"ImageObject\",\"inLanguage\":\"pt-BR\",\"@id\":\"https:\\\/\\\/conexaoesportiva.org\\\/cms\\\/#\\\/schema\\\/logo\\\/image\\\/\",\"url\":\"https:\\\/\\\/conexaoesportiva.org\\\/cms\\\/wp-content\\\/uploads\\\/2026\\\/08\\\/logo-conexao-esportiva.png\",\"contentUrl\":\"https:\\\/\\\/conexaoesportiva.org\\\/cms\\\/wp-content\\\/uploads\\\/2026\\\/08\\\/logo-conexao-esportiva.png\",\"width\":2481,\"height\":2481,\"caption\":\"Conex\u00e3o Esportiva\"},\"image\":{\"@id\":\"https:\\\/\\\/conexaoesportiva.org\\\/cms\\\/#\\\/schema\\\/logo\\\/image\\\/\"}},{\"@type\":\"Person\",\"@id\":\"https:\\\/\\\/conexaoesportiva.org\\\/cms\\\/#\\\/schema\\\/person\\\/bc5adab05e4a951930ef9f307d42f670\",\"name\":\"Mari Dias\",\"image\":{\"@type\":\"ImageObject\",\"inLanguage\":\"pt-BR\",\"@id\":\"https:\\\/\\\/secure.gravatar.com\\\/avatar\\\/45345599d8ce311e67647ee957e80397e89d30b3497d4cc0d838125bb0e3a1b7?s=96&d=mm&r=g\",\"url\":\"https:\\\/\\\/secure.gravatar.com\\\/avatar\\\/45345599d8ce311e67647ee957e80397e89d30b3497d4cc0d838125bb0e3a1b7?s=96&d=mm&r=g\",\"contentUrl\":\"https:\\\/\\\/secure.gravatar.com\\\/avatar\\\/45345599d8ce311e67647ee957e80397e89d30b3497d4cc0d838125bb0e3a1b7?s=96&d=mm&r=g\",\"caption\":\"Mari Dias\"},\"url\":\"https:\\\/\\\/conexaoesportiva.org\\\/cms\\\/author\\\/mari\\\/\"}]}<\/script>\n<!-- \/ Yoast SEO plugin. -->","yoast_head_json":{"title":"Salvador recebe competi\u00e7\u00e3o que transforma a capoeira em espet\u00e1culo esportivo no Pelourinho - Conex\u00e3o Esportiva","robots":{"index":"index","follow":"follow","max-snippet":"max-snippet:-1","max-image-preview":"max-image-preview:large","max-video-preview":"max-video-preview:-1"},"canonical":"https:\/\/conexaoesportiva.org\/cms\/salvador-recebe-competicao-que-transforma-a-capoeira-em-espetaculo-esportivo-no-pelourinho\/","og_locale":"pt_BR","og_type":"article","og_title":"Salvador recebe competi\u00e7\u00e3o que transforma a capoeira em espet\u00e1culo esportivo no Pelourinho - Conex\u00e3o Esportiva","og_description":"Red Bull Paranau\u00ea re\u00fane 16 dos principais capoeiristas do mundo neste s\u00e1bado, com entrada gratuita na Pra\u00e7a da Cruz Ca\u00edda. Salvador ser\u00e1\u2026","og_url":"https:\/\/conexaoesportiva.org\/cms\/salvador-recebe-competicao-que-transforma-a-capoeira-em-espetaculo-esportivo-no-pelourinho\/","og_site_name":"Conex\u00e3o Esportiva","article_published_time":"2026-08-28T14:09:25+00:00","article_modified_time":"2026-08-28T14:10:11+00:00","og_image":[{"width":1320,"height":864,"url":"https:\/\/conexaoesportiva.org\/cms\/wp-content\/uploads\/2026\/08\/WhatsApp-Image-2026-08-28-at-11.08.31.jpeg","type":"image\/jpeg"}],"author":"Mari Dias","twitter_card":"summary_large_image","twitter_misc":{"Escrito por":"Mari Dias","Est. tempo de leitura":"2 minutos"},"schema":{"@context":"https:\/\/schema.org","@graph":[{"@type":"Article","@id":"https:\/\/conexaoesportiva.org\/cms\/salvador-recebe-competicao-que-transforma-a-capoeira-em-espetaculo-esportivo-no-pelourinho\/#article","isPartOf":{"@id":"https:\/\/conexaoesportiva.org\/cms\/salvador-recebe-competicao-que-transforma-a-capoeira-em-espetaculo-esportivo-no-pelourinho\/"},"author":{"name":"Mari Dias","@id":"https:\/\/conexaoesportiva.org\/cms\/#\/schema\/person\/bc5adab05e4a951930ef9f307d42f670"},"headline":"Salvador recebe competi\u00e7\u00e3o que transforma a capoeira em espet\u00e1culo esportivo no Pelourinho","datePublished":"2026-08-28T14:09:25+00:00","dateModified":"2026-08-28T14:10:11+00:00","mainEntityOfPage":{"@id":"https:\/\/conexaoesportiva.org\/cms\/salvador-recebe-competicao-que-transforma-a-capoeira-em-espetaculo-esportivo-no-pelourinho\/"},"wordCount":287,"commentCount":0,"publisher":{"@id":"https:\/\/conexaoesportiva.org\/cms\/#organization"},"image":{"@id":"https:\/\/conexaoesportiva.org\/cms\/salvador-recebe-competicao-que-transforma-a-capoeira-em-espetaculo-esportivo-no-pelourinho\/#primaryimage"},"thumbnailUrl":"https:\/\/conexaoesportiva.org\/cms\/wp-content\/uploads\/2026\/08\/WhatsApp-Image-2026-08-28-at-11.08.31.jpeg","articleSection":["Eventos","Not\u00edcias"],"inLanguage":"pt-BR","potentialAction":[{"@type":"CommentAction","name":"Comment","target":["https:\/\/conexaoesportiva.org\/cms\/salvador-recebe-competicao-que-transforma-a-capoeira-em-espetaculo-esportivo-no-pelourinho\/#respond"]}]},{"@type":"WebPage","@id":"https:\/\/conexaoesportiva.org\/cms\/salvador-recebe-competicao-que-transforma-a-capoeira-em-espetaculo-esportivo-no-pelourinho\/","url":"https:\/\/conexaoesportiva.org\/cms\/salvador-recebe-competicao-que-transforma-a-capoeira-em-espetaculo-esportivo-no-pelourinho\/","name":"Salvador recebe competi\u00e7\u00e3o que transforma a capoeira em espet\u00e1culo esportivo no Pelourinho - Conex\u00e3o Esportiva","isPartOf":{"@id":"https:\/\/conexaoesportiva.org\/cms\/#website"},"primaryImageOfPage":{"@id":"https:\/\/conexaoesportiva.org\/cms\/salvador-recebe-competicao-que-transforma-a-capoeira-em-espetaculo-esportivo-no-pelourinho\/#primaryimage"},"image":{"@id":"https:\/\/conexaoesportiva.org\/cms\/salvador-recebe-competicao-que-transforma-a-capoeira-em-espetaculo-esportivo-no-pelourinho\/#primaryimage"},"thumbnailUrl":"https:\/\/conexaoesportiva.org\/cms\/wp-content\/uploads\/2026\/08\/WhatsApp-Image-2026-08-28-at-11.08.31.jpeg","datePublished":"2026-08-28T14:09:25+00:00","dateModified":"2026-08-28T14:10:11+00:00","breadcrumb":{"@id":"https:\/\/conexaoesportiva.org\/cms\/salvador-recebe-competicao-que-transforma-a-capoeira-em-espetaculo-esportivo-no-pelourinho\/#breadcrumb"},"inLanguage":"pt-BR","potentialAction":[{"@type":"ReadAction","target":["https:\/\/conexaoesportiva.org\/cms\/salvador-recebe-competicao-que-transforma-a-capoeira-em-espetaculo-esportivo-no-pelourinho\/"]}]},{"@type":"ImageObject","inLanguage":"pt-BR","@id":"https:\/\/conexaoesportiva.org\/cms\/salvador-recebe-competicao-que-transforma-a-capoeira-em-espetaculo-esportivo-no-pelourinho\/#primaryimage","url":"https:\/\/conexaoesportiva.org\/cms\/wp-content\/uploads\/2026\/08\/WhatsApp-Image-2026-08-28-at-11.08.31.jpeg","contentUrl":"https:\/\/conexaoesportiva.org\/cms\/wp-content\/uploads\/2026\/08\/WhatsApp-Image-2026-08-28-at-11.08.31.jpeg","width":1320,"height":864},{"@type":"BreadcrumbList","@id":"https:\/\/conexaoesportiva.org\/cms\/salvador-recebe-competicao-que-transforma-a-capoeira-em-espetaculo-esportivo-no-pelourinho\/#breadcrumb","itemListElement":[{"@type":"ListItem","position":1,"name":"In\u00edcio","item":"https:\/\/conexaoesportiva.org\/cms\/"},{"@type":"ListItem","position":2,"name":"Salvador recebe competi\u00e7\u00e3o que transforma a capoeira em espet\u00e1culo esportivo no Pelourinho"}]},{"@type":"WebSite","@id":"https:\/\/conexaoesportiva.org\/cms\/#website","url":"https:\/\/conexaoesportiva.org\/cms\/","name":"Conex\u00e3o Esportiva","description":"Hub de comunica\u00e7\u00e3o, experi\u00eancias e neg\u00f3cios no esporte.","publisher":{"@id":"https:\/\/conexaoesportiva.org\/cms\/#organization"},"potentialAction":[{"@type":"SearchAction","target":{"@type":"EntryPoint","urlTemplate":"https:\/\/conexaoesportiva.org\/cms\/?s={search_term_string}"},"query-input":{"@type":"PropertyValueSpecification","valueRequired":true,"valueName":"search_term_string"}}],"inLanguage":"pt-BR"},{"@type":"Organization","@id":"https:\/\/conexaoesportiva.org\/cms\/#organization","name":"Conex\u00e3o Esportiva","url":"https:\/\/conexaoesportiva.org\/cms\/","logo":{"@type":"ImageObject","inLanguage":"pt-BR","@id":"https:\/\/conexaoesportiva.org\/cms\/#\/schema\/logo\/image\/","url":"https:\/\/conexaoesportiva.org\/cms\/wp-content\/uploads\/2026\/08\/logo-conexao-esportiva.png","contentUrl":"https:\/\/conexaoesportiva.org\/cms\/wp-content\/uploads\/2026\/08\/logo-conexao-esportiva.png","width":2481,"height":2481,"caption":"Conex\u00e3o Esportiva"},"image":{"@id":"https:\/\/conexaoesportiva.org\/cms\/#\/schema\/logo\/image\/"}},{"@type":"Person","@id":"https:\/\/conexaoesportiva.org\/cms\/#\/schema\/person\/bc5adab05e4a951930ef9f307d42f670","name":"Mari Dias","image":{"@type":"ImageObject","inLanguage":"pt-BR","@id":"https:\/\/secure.gravatar.com\/avatar\/45345599d8ce311e67647ee957e80397e89d30b3497d4cc0d838125bb0e3a1b7?s=96&d=mm&r=g","url":"https:\/\/secure.gravatar.com\/avatar\/45345599d8ce311e67647ee957e80397e89d30b3497d4cc0d838125bb0e3a1b7?s=96&d=mm&r=g","contentUrl":"https:\/\/secure.gravatar.com\/avatar\/45345599d8ce311e67647ee957e80397e89d30b3497d4cc0d838125bb0e3a1b7?s=96&d=mm&r=g","caption":"Mari Dias"},"url":"https:\/\/conexaoesportiva.org\/cms\/author\/mari\/"}]}},"_links":{"self":[{"href":"https:\/\/conexaoesportiva.org\/cms\/wp-json\/wp\/v2\/posts\/102","targetHints":{"allow":["GET"]}}],"collection":[{"href":"https:\/\/conexaoesportiva.org\/cms\/wp-json\/wp\/v2\/posts"}],"about":[{"href":"https:\/\/conexaoesportiva.org\/cms\/wp-json\/wp\/v2\/types\/post"}],"author":[{"embeddable":true,"href":"https:\/\/conexaoesportiva.org\/cms\/wp-json\/wp\/v2\/users\/2"}],"replies":[{"embeddable":true,"href":"https:\/\/conexaoesportiva.org\/cms\/wp-json\/wp\/v2\/comments?post=102"}],"version-history":[{"count":1,"href":"https:\/\/conexaoesportiva.org\/cms\/wp-json\/wp\/v2\/posts\/102\/revisions"}],"predecessor-version":[{"id":104,"href":"https:\/\/conexaoesportiva.org\/cms\/wp-json\/wp\/v2\/posts\/102\/revisions\/104"}],"wp:featuredmedia":[{"embeddable":true,"href":"https:\/\/conexaoesportiva.org\/cms\/wp-json\/wp\/v2\/media\/103"}],"wp:attachment":[{"href":"https:\/\/conexaoesportiva.org\/cms\/wp-json\/wp\/v2\/media?parent=102"}],"wp:term":[{"taxonomy":"category","embeddable":true,"href":"https:\/\/conexaoesportiva.org\/cms\/wp-json\/wp\/v2\/categories?post=102"},{"taxonomy":"post_tag","embeddable":true,"href":"https:\/\/conexaoesportiva.org\/cms\/wp-json\/wp\/v2\/tags?post=102"}],"curies":[{"name":"wp","href":"https:\/\/api.w.org\/{rel}","templated":true}]}}