{"id":106,"date":"2026-08-31T23:22:44","date_gmt":"2026-09-01T02:22:44","guid":{"rendered":"https:\/\/conexaoesportiva.org\/cms\/?p=106"},"modified":"2026-08-31T23:45:15","modified_gmt":"2026-09-01T02:45:15","slug":"maratona-salvador-tera-66-atletas-pcd-e-transforma-corrida-em-simbolo-de-inclusao","status":"publish","type":"post","link":"https:\/\/conexaoesportiva.org\/cms\/maratona-salvador-tera-66-atletas-pcd-e-transforma-corrida-em-simbolo-de-inclusao\/","title":{"rendered":"MARATONA SALVADOR 2026: ATLETAS PCD TRANSFORMAM A LINHA DE CHEGADA EM HIST\u00d3RIAS DE SUPERA\u00c7\u00c3O"},"content":{"rendered":"\n<p class=\"wp-block-paragraph\"><em>Entre os participantes est\u00e3o corredores que carregam d\u00e9cadas de esporte e hist\u00f3rias que ultrapassam os limites da competi\u00e7\u00e3o<\/em><\/p>\n\n\n\n<p class=\"wp-block-paragraph\"><\/p>\n\n\n\n<p class=\"wp-block-paragraph\">Quando a Maratona Salvador largar nos dias 26 e 27 de setembro, milhares de corredores estar\u00e3o em busca de uma linha de chegada. Para alguns deles, por\u00e9m, chegar at\u00e9 l\u00e1 representa muito mais do que completar 5, 10, 21 ou 42 quil\u00f4metros.<\/p>\n\n\n\n<p class=\"wp-block-paragraph\">A edi\u00e7\u00e3o 2026 j\u00e1 tem 66 atletas PCD inscritos, n\u00famero que ainda pode aumentar at\u00e9 o encerramento das inscri\u00e7\u00f5es, previsto para 20 de setembro ou enquanto houver vagas. A prova ser\u00e1 realizada no Centro de Conven\u00e7\u00f5es Salvador, na Boca do Rio.<\/p>\n\n\n\n<p class=\"wp-block-paragraph\">Entre esses atletas est\u00e3o hist\u00f3rias que ajudam a explicar por que a corrida pode ser muito maior do que uma competi\u00e7\u00e3o.<\/p>\n\n\n\n<p class=\"wp-block-paragraph\">Uma vida inteira correndo<\/p>\n\n\n\n<p class=\"wp-block-paragraph\">Aos 60 anos, Angelina Nascimento vai voltar a encarar os 42 quil\u00f4metros. Cadeirante, ela participou de todas as edi\u00e7\u00f5es da Maratona Salvador, desde quando a prova ainda era realizada na regi\u00e3o da Barra.<\/p>\n\n\n\n<p class=\"wp-block-paragraph\">Angelina tem uma trajet\u00f3ria de d\u00e9cadas no esporte e encontrou na corrida uma forma de reconstruir sua rotina depois de passar um longo per\u00edodo hospitalizada.<\/p>\n\n\n\n<p class=\"wp-block-paragraph\">Agora, ela retorna mais uma vez ao percurso para completar a maratona.<\/p>\n\n\n\n<p class=\"wp-block-paragraph\">Outro nome conhecido da corrida de rua baiana \u00e9 Jos\u00e9 Bonif\u00e1cio Soares Filho, o Baby Maratonista. Aos 55 anos, o atleta de baixa vis\u00e3o acumula 27 anos de participa\u00e7\u00e3o em provas.<\/p>\n\n\n\n<p class=\"wp-block-paragraph\">Em 2025, ele completou os 42 quil\u00f4metros da Maratona Salvador em 3h28min, terminando na segunda coloca\u00e7\u00e3o entre os atletas PCD. Em setembro, volta \u00e0 prova em busca de mais um resultado expressivo.<\/p>\n\n\n\n<p class=\"wp-block-paragraph\">Estrutura para diferentes atletas<\/p>\n\n\n\n<p class=\"wp-block-paragraph\">A Maratona Salvador possui categorias para cadeirantes, pessoas com defici\u00eancia visual, amputados, atletas com defici\u00eancia intelectual e outras classifica\u00e7\u00f5es.<\/p>\n\n\n\n<p class=\"wp-block-paragraph\">A organiza\u00e7\u00e3o tamb\u00e9m conta com profissionais ligados ao Comit\u00ea Paral\u00edmpico Brasileiro para realizar a classifica\u00e7\u00e3o dos participantes de acordo com suas caracter\u00edsticas funcionais.<\/p>\n\n\n\n<p class=\"wp-block-paragraph\">Atletas PCD t\u00eam ainda 50% de desconto na inscri\u00e7\u00e3o, mediante apresenta\u00e7\u00e3o da documenta\u00e7\u00e3o exigida. Nas provas de 21 km e 42 km existem categorias competitivas espec\u00edficas, com premia\u00e7\u00e3o para os tr\u00eas primeiros colocados em determinadas classes.<\/p>\n\n\n\n<p class=\"wp-block-paragraph\">Mais do que um n\u00famero, a presen\u00e7a desses atletas mostra como diferentes hist\u00f3rias podem ocupar o mesmo percurso.<\/p>\n\n\n\n<p class=\"wp-block-paragraph\">Na Maratona Salvador, a linha de chegada ser\u00e1 a mesma para milhares de pessoas. Mas cada corredor chegar\u00e1 at\u00e9 ela por um caminho diferente.<\/p>\n","protected":false},"excerpt":{"rendered":"<p>Entre os participantes est\u00e3o corredores que carregam d\u00e9cadas de esporte e hist\u00f3rias que ultrapassam os limites da competi\u00e7\u00e3o Quando a Maratona Salvador\u2026<\/p>\n","protected":false},"author":2,"featured_media":107,"comment_status":"open","ping_status":"open","sticky":false,"template":"","format":"standard","meta":{"footnotes":""},"categories":[2],"tags":[],"class_list":["post-106","post","type-post","status-publish","format-standard","has-post-thumbnail","hentry","category-noticias"],"yoast_head":"<!-- This site is optimized with the Yoast SEO plugin v28.2 - https:\/\/yoast.com\/product\/yoast-seo-wordpress\/ -->\n<title>MARATONA SALVADOR 2026: ATLETAS PCD TRANSFORMAM A LINHA DE CHEGADA EM HIST\u00d3RIAS DE SUPERA\u00c7\u00c3O - Conex\u00e3o Esportiva<\/title>\n<meta name=\"robots\" content=\"index, follow, max-snippet:-1, max-image-preview:large, max-video-preview:-1\" \/>\n<link rel=\"canonical\" href=\"https:\/\/conexaoesportiva.org\/cms\/maratona-salvador-tera-66-atletas-pcd-e-transforma-corrida-em-simbolo-de-inclusao\/\" \/>\n<meta property=\"og:locale\" content=\"pt_BR\" \/>\n<meta property=\"og:type\" content=\"article\" \/>\n<meta property=\"og:title\" content=\"MARATONA SALVADOR 2026: ATLETAS PCD TRANSFORMAM A LINHA DE CHEGADA EM HIST\u00d3RIAS DE SUPERA\u00c7\u00c3O - Conex\u00e3o Esportiva\" \/>\n<meta property=\"og:description\" content=\"Entre os participantes est\u00e3o corredores que carregam d\u00e9cadas de esporte e hist\u00f3rias que ultrapassam os limites da competi\u00e7\u00e3o Quando a Maratona Salvador\u2026\" \/>\n<meta property=\"og:url\" content=\"https:\/\/conexaoesportiva.org\/cms\/maratona-salvador-tera-66-atletas-pcd-e-transforma-corrida-em-simbolo-de-inclusao\/\" \/>\n<meta property=\"og:site_name\" content=\"Conex\u00e3o Esportiva\" \/>\n<meta property=\"article:published_time\" content=\"2026-09-01T02:22:44+00:00\" \/>\n<meta property=\"article:modified_time\" content=\"2026-09-01T02:45:15+00:00\" \/>\n<meta property=\"og:image\" content=\"https:\/\/conexaoesportiva.org\/cms\/wp-content\/uploads\/2026\/08\/WhatsApp-Image-2026-08-31-at-23.19.32.jpeg\" \/>\n\t<meta property=\"og:image:width\" content=\"1320\" \/>\n\t<meta property=\"og:image:height\" content=\"601\" \/>\n\t<meta property=\"og:image:type\" content=\"image\/jpeg\" \/>\n<meta name=\"author\" content=\"Mari Dias\" \/>\n<meta name=\"twitter:card\" content=\"summary_large_image\" \/>\n<meta name=\"twitter:label1\" content=\"Escrito por\" \/>\n\t<meta name=\"twitter:data1\" content=\"Mari Dias\" \/>\n\t<meta name=\"twitter:label2\" content=\"Est. tempo de leitura\" \/>\n\t<meta name=\"twitter:data2\" content=\"3 minutos\" \/>\n<script type=\"application\/ld+json\" class=\"yoast-schema-graph\">{\"@context\":\"https:\\\/\\\/schema.org\",\"@graph\":[{\"@type\":\"Article\",\"@id\":\"https:\\\/\\\/conexaoesportiva.org\\\/cms\\\/maratona-salvador-tera-66-atletas-pcd-e-transforma-corrida-em-simbolo-de-inclusao\\\/#article\",\"isPartOf\":{\"@id\":\"https:\\\/\\\/conexaoesportiva.org\\\/cms\\\/maratona-salvador-tera-66-atletas-pcd-e-transforma-corrida-em-simbolo-de-inclusao\\\/\"},\"author\":{\"name\":\"Mari Dias\",\"@id\":\"https:\\\/\\\/conexaoesportiva.org\\\/cms\\\/#\\\/schema\\\/person\\\/bc5adab05e4a951930ef9f307d42f670\"},\"headline\":\"MARATONA SALVADOR 2026: ATLETAS PCD TRANSFORMAM A LINHA DE CHEGADA EM HIST\u00d3RIAS DE SUPERA\u00c7\u00c3O\",\"datePublished\":\"2026-09-01T02:22:44+00:00\",\"dateModified\":\"2026-09-01T02:45:15+00:00\",\"mainEntityOfPage\":{\"@id\":\"https:\\\/\\\/conexaoesportiva.org\\\/cms\\\/maratona-salvador-tera-66-atletas-pcd-e-transforma-corrida-em-simbolo-de-inclusao\\\/\"},\"wordCount\":422,\"commentCount\":0,\"publisher\":{\"@id\":\"https:\\\/\\\/conexaoesportiva.org\\\/cms\\\/#organization\"},\"image\":{\"@id\":\"https:\\\/\\\/conexaoesportiva.org\\\/cms\\\/maratona-salvador-tera-66-atletas-pcd-e-transforma-corrida-em-simbolo-de-inclusao\\\/#primaryimage\"},\"thumbnailUrl\":\"https:\\\/\\\/conexaoesportiva.org\\\/cms\\\/wp-content\\\/uploads\\\/2026\\\/08\\\/WhatsApp-Image-2026-08-31-at-23.19.32.jpeg\",\"articleSection\":[\"Not\u00edcias\"],\"inLanguage\":\"pt-BR\",\"potentialAction\":[{\"@type\":\"CommentAction\",\"name\":\"Comment\",\"target\":[\"https:\\\/\\\/conexaoesportiva.org\\\/cms\\\/maratona-salvador-tera-66-atletas-pcd-e-transforma-corrida-em-simbolo-de-inclusao\\\/#respond\"]}]},{\"@type\":\"WebPage\",\"@id\":\"https:\\\/\\\/conexaoesportiva.org\\\/cms\\\/maratona-salvador-tera-66-atletas-pcd-e-transforma-corrida-em-simbolo-de-inclusao\\\/\",\"url\":\"https:\\\/\\\/conexaoesportiva.org\\\/cms\\\/maratona-salvador-tera-66-atletas-pcd-e-transforma-corrida-em-simbolo-de-inclusao\\\/\",\"name\":\"MARATONA SALVADOR 2026: ATLETAS PCD TRANSFORMAM A LINHA DE CHEGADA EM HIST\u00d3RIAS DE SUPERA\u00c7\u00c3O - Conex\u00e3o Esportiva\",\"isPartOf\":{\"@id\":\"https:\\\/\\\/conexaoesportiva.org\\\/cms\\\/#website\"},\"primaryImageOfPage\":{\"@id\":\"https:\\\/\\\/conexaoesportiva.org\\\/cms\\\/maratona-salvador-tera-66-atletas-pcd-e-transforma-corrida-em-simbolo-de-inclusao\\\/#primaryimage\"},\"image\":{\"@id\":\"https:\\\/\\\/conexaoesportiva.org\\\/cms\\\/maratona-salvador-tera-66-atletas-pcd-e-transforma-corrida-em-simbolo-de-inclusao\\\/#primaryimage\"},\"thumbnailUrl\":\"https:\\\/\\\/conexaoesportiva.org\\\/cms\\\/wp-content\\\/uploads\\\/2026\\\/08\\\/WhatsApp-Image-2026-08-31-at-23.19.32.jpeg\",\"datePublished\":\"2026-09-01T02:22:44+00:00\",\"dateModified\":\"2026-09-01T02:45:15+00:00\",\"breadcrumb\":{\"@id\":\"https:\\\/\\\/conexaoesportiva.org\\\/cms\\\/maratona-salvador-tera-66-atletas-pcd-e-transforma-corrida-em-simbolo-de-inclusao\\\/#breadcrumb\"},\"inLanguage\":\"pt-BR\",\"potentialAction\":[{\"@type\":\"ReadAction\",\"target\":[\"https:\\\/\\\/conexaoesportiva.org\\\/cms\\\/maratona-salvador-tera-66-atletas-pcd-e-transforma-corrida-em-simbolo-de-inclusao\\\/\"]}]},{\"@type\":\"ImageObject\",\"inLanguage\":\"pt-BR\",\"@id\":\"https:\\\/\\\/conexaoesportiva.org\\\/cms\\\/maratona-salvador-tera-66-atletas-pcd-e-transforma-corrida-em-simbolo-de-inclusao\\\/#primaryimage\",\"url\":\"https:\\\/\\\/conexaoesportiva.org\\\/cms\\\/wp-content\\\/uploads\\\/2026\\\/08\\\/WhatsApp-Image-2026-08-31-at-23.19.32.jpeg\",\"contentUrl\":\"https:\\\/\\\/conexaoesportiva.org\\\/cms\\\/wp-content\\\/uploads\\\/2026\\\/08\\\/WhatsApp-Image-2026-08-31-at-23.19.32.jpeg\",\"width\":1320,\"height\":601},{\"@type\":\"BreadcrumbList\",\"@id\":\"https:\\\/\\\/conexaoesportiva.org\\\/cms\\\/maratona-salvador-tera-66-atletas-pcd-e-transforma-corrida-em-simbolo-de-inclusao\\\/#breadcrumb\",\"itemListElement\":[{\"@type\":\"ListItem\",\"position\":1,\"name\":\"In\u00edcio\",\"item\":\"https:\\\/\\\/conexaoesportiva.org\\\/cms\\\/\"},{\"@type\":\"ListItem\",\"position\":2,\"name\":\"MARATONA SALVADOR 2026: ATLETAS PCD TRANSFORMAM A LINHA DE CHEGADA EM HIST\u00d3RIAS DE SUPERA\u00c7\u00c3O\"}]},{\"@type\":\"WebSite\",\"@id\":\"https:\\\/\\\/conexaoesportiva.org\\\/cms\\\/#website\",\"url\":\"https:\\\/\\\/conexaoesportiva.org\\\/cms\\\/\",\"name\":\"Conex\u00e3o Esportiva\",\"description\":\"Hub de comunica\u00e7\u00e3o, experi\u00eancias e neg\u00f3cios no esporte.\",\"publisher\":{\"@id\":\"https:\\\/\\\/conexaoesportiva.org\\\/cms\\\/#organization\"},\"potentialAction\":[{\"@type\":\"SearchAction\",\"target\":{\"@type\":\"EntryPoint\",\"urlTemplate\":\"https:\\\/\\\/conexaoesportiva.org\\\/cms\\\/?s={search_term_string}\"},\"query-input\":{\"@type\":\"PropertyValueSpecification\",\"valueRequired\":true,\"valueName\":\"search_term_string\"}}],\"inLanguage\":\"pt-BR\"},{\"@type\":\"Organization\",\"@id\":\"https:\\\/\\\/conexaoesportiva.org\\\/cms\\\/#organization\",\"name\":\"Conex\u00e3o Esportiva\",\"url\":\"https:\\\/\\\/conexaoesportiva.org\\\/cms\\\/\",\"logo\":{\"@type\":\"ImageObject\",\"inLanguage\":\"pt-BR\",\"@id\":\"https:\\\/\\\/conexaoesportiva.org\\\/cms\\\/#\\\/schema\\\/logo\\\/image\\\/\",\"url\":\"https:\\\/\\\/conexaoesportiva.org\\\/cms\\\/wp-content\\\/uploads\\\/2026\\\/08\\\/logo-conexao-esportiva.png\",\"contentUrl\":\"https:\\\/\\\/conexaoesportiva.org\\\/cms\\\/wp-content\\\/uploads\\\/2026\\\/08\\\/logo-conexao-esportiva.png\",\"width\":2481,\"height\":2481,\"caption\":\"Conex\u00e3o Esportiva\"},\"image\":{\"@id\":\"https:\\\/\\\/conexaoesportiva.org\\\/cms\\\/#\\\/schema\\\/logo\\\/image\\\/\"}},{\"@type\":\"Person\",\"@id\":\"https:\\\/\\\/conexaoesportiva.org\\\/cms\\\/#\\\/schema\\\/person\\\/bc5adab05e4a951930ef9f307d42f670\",\"name\":\"Mari Dias\",\"image\":{\"@type\":\"ImageObject\",\"inLanguage\":\"pt-BR\",\"@id\":\"https:\\\/\\\/secure.gravatar.com\\\/avatar\\\/45345599d8ce311e67647ee957e80397e89d30b3497d4cc0d838125bb0e3a1b7?s=96&d=mm&r=g\",\"url\":\"https:\\\/\\\/secure.gravatar.com\\\/avatar\\\/45345599d8ce311e67647ee957e80397e89d30b3497d4cc0d838125bb0e3a1b7?s=96&d=mm&r=g\",\"contentUrl\":\"https:\\\/\\\/secure.gravatar.com\\\/avatar\\\/45345599d8ce311e67647ee957e80397e89d30b3497d4cc0d838125bb0e3a1b7?s=96&d=mm&r=g\",\"caption\":\"Mari Dias\"},\"url\":\"https:\\\/\\\/conexaoesportiva.org\\\/cms\\\/author\\\/mari\\\/\"}]}<\/script>\n<!-- \/ Yoast SEO plugin. -->","yoast_head_json":{"title":"MARATONA SALVADOR 2026: ATLETAS PCD TRANSFORMAM A LINHA DE CHEGADA EM HIST\u00d3RIAS DE SUPERA\u00c7\u00c3O - Conex\u00e3o Esportiva","robots":{"index":"index","follow":"follow","max-snippet":"max-snippet:-1","max-image-preview":"max-image-preview:large","max-video-preview":"max-video-preview:-1"},"canonical":"https:\/\/conexaoesportiva.org\/cms\/maratona-salvador-tera-66-atletas-pcd-e-transforma-corrida-em-simbolo-de-inclusao\/","og_locale":"pt_BR","og_type":"article","og_title":"MARATONA SALVADOR 2026: ATLETAS PCD TRANSFORMAM A LINHA DE CHEGADA EM HIST\u00d3RIAS DE SUPERA\u00c7\u00c3O - Conex\u00e3o Esportiva","og_description":"Entre os participantes est\u00e3o corredores que carregam d\u00e9cadas de esporte e hist\u00f3rias que ultrapassam os limites da competi\u00e7\u00e3o Quando a Maratona Salvador\u2026","og_url":"https:\/\/conexaoesportiva.org\/cms\/maratona-salvador-tera-66-atletas-pcd-e-transforma-corrida-em-simbolo-de-inclusao\/","og_site_name":"Conex\u00e3o Esportiva","article_published_time":"2026-09-01T02:22:44+00:00","article_modified_time":"2026-09-01T02:45:15+00:00","og_image":[{"width":1320,"height":601,"url":"https:\/\/conexaoesportiva.org\/cms\/wp-content\/uploads\/2026\/08\/WhatsApp-Image-2026-08-31-at-23.19.32.jpeg","type":"image\/jpeg"}],"author":"Mari Dias","twitter_card":"summary_large_image","twitter_misc":{"Escrito por":"Mari Dias","Est. tempo de leitura":"3 minutos"},"schema":{"@context":"https:\/\/schema.org","@graph":[{"@type":"Article","@id":"https:\/\/conexaoesportiva.org\/cms\/maratona-salvador-tera-66-atletas-pcd-e-transforma-corrida-em-simbolo-de-inclusao\/#article","isPartOf":{"@id":"https:\/\/conexaoesportiva.org\/cms\/maratona-salvador-tera-66-atletas-pcd-e-transforma-corrida-em-simbolo-de-inclusao\/"},"author":{"name":"Mari Dias","@id":"https:\/\/conexaoesportiva.org\/cms\/#\/schema\/person\/bc5adab05e4a951930ef9f307d42f670"},"headline":"MARATONA SALVADOR 2026: ATLETAS PCD TRANSFORMAM A LINHA DE CHEGADA EM HIST\u00d3RIAS DE SUPERA\u00c7\u00c3O","datePublished":"2026-09-01T02:22:44+00:00","dateModified":"2026-09-01T02:45:15+00:00","mainEntityOfPage":{"@id":"https:\/\/conexaoesportiva.org\/cms\/maratona-salvador-tera-66-atletas-pcd-e-transforma-corrida-em-simbolo-de-inclusao\/"},"wordCount":422,"commentCount":0,"publisher":{"@id":"https:\/\/conexaoesportiva.org\/cms\/#organization"},"image":{"@id":"https:\/\/conexaoesportiva.org\/cms\/maratona-salvador-tera-66-atletas-pcd-e-transforma-corrida-em-simbolo-de-inclusao\/#primaryimage"},"thumbnailUrl":"https:\/\/conexaoesportiva.org\/cms\/wp-content\/uploads\/2026\/08\/WhatsApp-Image-2026-08-31-at-23.19.32.jpeg","articleSection":["Not\u00edcias"],"inLanguage":"pt-BR","potentialAction":[{"@type":"CommentAction","name":"Comment","target":["https:\/\/conexaoesportiva.org\/cms\/maratona-salvador-tera-66-atletas-pcd-e-transforma-corrida-em-simbolo-de-inclusao\/#respond"]}]},{"@type":"WebPage","@id":"https:\/\/conexaoesportiva.org\/cms\/maratona-salvador-tera-66-atletas-pcd-e-transforma-corrida-em-simbolo-de-inclusao\/","url":"https:\/\/conexaoesportiva.org\/cms\/maratona-salvador-tera-66-atletas-pcd-e-transforma-corrida-em-simbolo-de-inclusao\/","name":"MARATONA SALVADOR 2026: ATLETAS PCD TRANSFORMAM A LINHA DE CHEGADA EM HIST\u00d3RIAS DE SUPERA\u00c7\u00c3O - Conex\u00e3o Esportiva","isPartOf":{"@id":"https:\/\/conexaoesportiva.org\/cms\/#website"},"primaryImageOfPage":{"@id":"https:\/\/conexaoesportiva.org\/cms\/maratona-salvador-tera-66-atletas-pcd-e-transforma-corrida-em-simbolo-de-inclusao\/#primaryimage"},"image":{"@id":"https:\/\/conexaoesportiva.org\/cms\/maratona-salvador-tera-66-atletas-pcd-e-transforma-corrida-em-simbolo-de-inclusao\/#primaryimage"},"thumbnailUrl":"https:\/\/conexaoesportiva.org\/cms\/wp-content\/uploads\/2026\/08\/WhatsApp-Image-2026-08-31-at-23.19.32.jpeg","datePublished":"2026-09-01T02:22:44+00:00","dateModified":"2026-09-01T02:45:15+00:00","breadcrumb":{"@id":"https:\/\/conexaoesportiva.org\/cms\/maratona-salvador-tera-66-atletas-pcd-e-transforma-corrida-em-simbolo-de-inclusao\/#breadcrumb"},"inLanguage":"pt-BR","potentialAction":[{"@type":"ReadAction","target":["https:\/\/conexaoesportiva.org\/cms\/maratona-salvador-tera-66-atletas-pcd-e-transforma-corrida-em-simbolo-de-inclusao\/"]}]},{"@type":"ImageObject","inLanguage":"pt-BR","@id":"https:\/\/conexaoesportiva.org\/cms\/maratona-salvador-tera-66-atletas-pcd-e-transforma-corrida-em-simbolo-de-inclusao\/#primaryimage","url":"https:\/\/conexaoesportiva.org\/cms\/wp-content\/uploads\/2026\/08\/WhatsApp-Image-2026-08-31-at-23.19.32.jpeg","contentUrl":"https:\/\/conexaoesportiva.org\/cms\/wp-content\/uploads\/2026\/08\/WhatsApp-Image-2026-08-31-at-23.19.32.jpeg","width":1320,"height":601},{"@type":"BreadcrumbList","@id":"https:\/\/conexaoesportiva.org\/cms\/maratona-salvador-tera-66-atletas-pcd-e-transforma-corrida-em-simbolo-de-inclusao\/#breadcrumb","itemListElement":[{"@type":"ListItem","position":1,"name":"In\u00edcio","item":"https:\/\/conexaoesportiva.org\/cms\/"},{"@type":"ListItem","position":2,"name":"MARATONA SALVADOR 2026: ATLETAS PCD TRANSFORMAM A LINHA DE CHEGADA EM HIST\u00d3RIAS DE SUPERA\u00c7\u00c3O"}]},{"@type":"WebSite","@id":"https:\/\/conexaoesportiva.org\/cms\/#website","url":"https:\/\/conexaoesportiva.org\/cms\/","name":"Conex\u00e3o Esportiva","description":"Hub de comunica\u00e7\u00e3o, experi\u00eancias e neg\u00f3cios no esporte.","publisher":{"@id":"https:\/\/conexaoesportiva.org\/cms\/#organization"},"potentialAction":[{"@type":"SearchAction","target":{"@type":"EntryPoint","urlTemplate":"https:\/\/conexaoesportiva.org\/cms\/?s={search_term_string}"},"query-input":{"@type":"PropertyValueSpecification","valueRequired":true,"valueName":"search_term_string"}}],"inLanguage":"pt-BR"},{"@type":"Organization","@id":"https:\/\/conexaoesportiva.org\/cms\/#organization","name":"Conex\u00e3o Esportiva","url":"https:\/\/conexaoesportiva.org\/cms\/","logo":{"@type":"ImageObject","inLanguage":"pt-BR","@id":"https:\/\/conexaoesportiva.org\/cms\/#\/schema\/logo\/image\/","url":"https:\/\/conexaoesportiva.org\/cms\/wp-content\/uploads\/2026\/08\/logo-conexao-esportiva.png","contentUrl":"https:\/\/conexaoesportiva.org\/cms\/wp-content\/uploads\/2026\/08\/logo-conexao-esportiva.png","width":2481,"height":2481,"caption":"Conex\u00e3o Esportiva"},"image":{"@id":"https:\/\/conexaoesportiva.org\/cms\/#\/schema\/logo\/image\/"}},{"@type":"Person","@id":"https:\/\/conexaoesportiva.org\/cms\/#\/schema\/person\/bc5adab05e4a951930ef9f307d42f670","name":"Mari Dias","image":{"@type":"ImageObject","inLanguage":"pt-BR","@id":"https:\/\/secure.gravatar.com\/avatar\/45345599d8ce311e67647ee957e80397e89d30b3497d4cc0d838125bb0e3a1b7?s=96&d=mm&r=g","url":"https:\/\/secure.gravatar.com\/avatar\/45345599d8ce311e67647ee957e80397e89d30b3497d4cc0d838125bb0e3a1b7?s=96&d=mm&r=g","contentUrl":"https:\/\/secure.gravatar.com\/avatar\/45345599d8ce311e67647ee957e80397e89d30b3497d4cc0d838125bb0e3a1b7?s=96&d=mm&r=g","caption":"Mari Dias"},"url":"https:\/\/conexaoesportiva.org\/cms\/author\/mari\/"}]}},"_links":{"self":[{"href":"https:\/\/conexaoesportiva.org\/cms\/wp-json\/wp\/v2\/posts\/106","targetHints":{"allow":["GET"]}}],"collection":[{"href":"https:\/\/conexaoesportiva.org\/cms\/wp-json\/wp\/v2\/posts"}],"about":[{"href":"https:\/\/conexaoesportiva.org\/cms\/wp-json\/wp\/v2\/types\/post"}],"author":[{"embeddable":true,"href":"https:\/\/conexaoesportiva.org\/cms\/wp-json\/wp\/v2\/users\/2"}],"replies":[{"embeddable":true,"href":"https:\/\/conexaoesportiva.org\/cms\/wp-json\/wp\/v2\/comments?post=106"}],"version-history":[{"count":2,"href":"https:\/\/conexaoesportiva.org\/cms\/wp-json\/wp\/v2\/posts\/106\/revisions"}],"predecessor-version":[{"id":110,"href":"https:\/\/conexaoesportiva.org\/cms\/wp-json\/wp\/v2\/posts\/106\/revisions\/110"}],"wp:featuredmedia":[{"embeddable":true,"href":"https:\/\/conexaoesportiva.org\/cms\/wp-json\/wp\/v2\/media\/107"}],"wp:attachment":[{"href":"https:\/\/conexaoesportiva.org\/cms\/wp-json\/wp\/v2\/media?parent=106"}],"wp:term":[{"taxonomy":"category","embeddable":true,"href":"https:\/\/conexaoesportiva.org\/cms\/wp-json\/wp\/v2\/categories?post=106"},{"taxonomy":"post_tag","embeddable":true,"href":"https:\/\/conexaoesportiva.org\/cms\/wp-json\/wp\/v2\/tags?post=106"}],"curies":[{"name":"wp","href":"https:\/\/api.w.org\/{rel}","templated":true}]}}