{"id":111,"date":"2026-08-31T23:40:51","date_gmt":"2026-09-01T02:40:51","guid":{"rendered":"https:\/\/conexaoesportiva.org\/cms\/?p=111"},"modified":"2026-08-31T23:43:07","modified_gmt":"2026-09-01T02:43:07","slug":"bahia-segura-o-palmeiras-na-fonte-nova-e-deixa-decisao-por-vaga-na-semifinal-em-aberto","status":"publish","type":"post","link":"https:\/\/conexaoesportiva.org\/cms\/bahia-segura-o-palmeiras-na-fonte-nova-e-deixa-decisao-por-vaga-na-semifinal-em-aberto\/","title":{"rendered":"BAHIA SEGURA O PALMEIRAS NA FONTE NOVA E DEIXA DECIS\u00c3O POR VAGA NA SEMIFINAL EM ABERTO"},"content":{"rendered":"\n<p class=\"wp-block-paragraph\"><em>Mulheres de A\u00e7o empatam em 1 a 1 no jogo de ida das quartas do Brasileir\u00e3o Feminino e agora decidem classifica\u00e7\u00e3o em S\u00e3o Paulo<\/em><\/p>\n\n\n\n<p class=\"wp-block-paragraph\">O Bahia saiu da Arena Fonte Nova com um empate importante diante do Palmeiras. Na noite desta segunda-feira (31), as equipes ficaram no 1 a 1, pelo jogo de ida das quartas de final do Campeonato Brasileiro Feminino A1.<\/p>\n\n\n\n<p class=\"wp-block-paragraph\">O resultado mant\u00e9m completamente aberta a disputa por uma vaga na semifinal. A decis\u00e3o acontece na pr\u00f3xima sexta-feira (4), \u00e0s 21h30, na Arena Barueri, em S\u00e3o Paulo.<\/p>\n\n\n\n<p class=\"wp-block-paragraph\">O Palmeiras abriu o placar aos 28 minutos do primeiro tempo, com Brena. O Bahia, por\u00e9m, reagiu ainda antes do intervalo. Aos 44 minutos, Wendy Rosa marcou e deixou tudo igual. <\/p>\n\n\n\n<p class=\"wp-block-paragraph\">Bahia reage antes do intervalo<\/p>\n\n\n\n<p class=\"wp-block-paragraph\">O gol de Wendy foi importante n\u00e3o apenas para evitar que o Bahia fosse para o intervalo em desvantagem, mas tamb\u00e9m para devolver equil\u00edbrio ao confronto.<\/p>\n\n\n\n<p class=\"wp-block-paragraph\">As Mulheres de A\u00e7o chegaram \u00e0s quartas de final depois de realizarem a melhor campanha de sua hist\u00f3ria na primeira fase do Brasileir\u00e3o Feminino. O time terminou na sexta coloca\u00e7\u00e3o, com 29 pontos, garantindo a classifica\u00e7\u00e3o com uma rodada de anteced\u00eancia. <\/p>\n\n\n\n<p class=\"wp-block-paragraph\">O Palmeiras, por sua vez, terminou a fase classificat\u00f3ria em terceiro lugar, com 36 pontos, e chegou ao mata-mata carregando uma sequ\u00eancia de 12 partidas de invencibilidade. <\/p>\n\n\n\n<p class=\"wp-block-paragraph\">Decis\u00e3o ser\u00e1 em S\u00e3o Paulo<\/p>\n\n\n\n<p class=\"wp-block-paragraph\">Com o empate em Salvador, nenhuma das equipes leva vantagem para o segundo confronto.<\/p>\n\n\n\n<p class=\"wp-block-paragraph\">O classificado ser\u00e1 definido na sexta-feira, na Arena Barueri. Em caso de novo empate no placar agregado, a vaga na semifinal ser\u00e1 decidida nos p\u00eanaltis. <\/p>\n\n\n\n<p class=\"wp-block-paragraph\">Quem avan\u00e7ar enfrentar\u00e1 na semifinal o vencedor do confronto entre Corinthians e Cruzeiro. No outro lado da chave, Flamengo e Ferrovi\u00e1ria e S\u00e3o Paulo e Gr\u00eamio tamb\u00e9m disputam vagas entre as quatro melhores equipes do campeonato. <\/p>\n\n\n\n<p class=\"wp-block-paragraph\">Uma campanha que j\u00e1 fez hist\u00f3ria<\/p>\n\n\n\n<p class=\"wp-block-paragraph\">Independentemente do resultado da pr\u00f3xima sexta-feira, o Bahia j\u00e1 alcan\u00e7ou em 2026 sua melhor campanha na hist\u00f3ria do Brasileir\u00e3o Feminino.<\/p>\n\n\n\n<p class=\"wp-block-paragraph\">O avan\u00e7o tamb\u00e9m d\u00e1 continuidade ao crescimento do futebol feminino do clube. Em 2025, o Bahia havia se tornado o primeiro clube nordestino a chegar ao mata-mata da S\u00e9rie A1. Agora, pelo segundo ano consecutivo, est\u00e1 entre as oito melhores equipes do pa\u00eds.<\/p>\n\n\n\n<p class=\"wp-block-paragraph\">O desempenho das Mulheres de A\u00e7o tamb\u00e9m acontece em um momento especial para o futebol feminino brasileiro. A Copa do Mundo Feminina de 2027 ser\u00e1 realizada no Brasil, com Salvador entre as cidades-sede.<\/p>\n\n\n\n<p class=\"wp-block-paragraph\">O t\u00e9cnico Felipe Freitas j\u00e1 destacou a possibilidade de que o desempenho das atletas do Bahia aumente a visibilidade do elenco diante da comiss\u00e3o t\u00e9cnica da Sele\u00e7\u00e3o Brasileira. <\/p>\n\n\n\n<p class=\"wp-block-paragraph\">Agora, resta mais um jogo.<\/p>\n\n\n\n<p class=\"wp-block-paragraph\">Depois do empate na Fonte Nova, Bahia e Palmeiras chegam \u00e0 decis\u00e3o em S\u00e3o Paulo separados por apenas 90 minutos, e uma vaga na semifinal do Brasileir\u00e3o Feminino.<\/p>\n\n\n\n<p class=\"wp-block-paragraph\"><\/p>\n\n\n\n<p class=\"wp-block-paragraph\"><\/p>\n","protected":false},"excerpt":{"rendered":"<p>Mulheres de A\u00e7o empatam em 1 a 1 no jogo de ida das quartas do Brasileir\u00e3o Feminino e agora decidem classifica\u00e7\u00e3o em\u2026<\/p>\n","protected":false},"author":2,"featured_media":112,"comment_status":"open","ping_status":"open","sticky":false,"template":"","format":"standard","meta":{"footnotes":""},"categories":[2],"tags":[],"class_list":["post-111","post","type-post","status-publish","format-standard","has-post-thumbnail","hentry","category-noticias"],"yoast_head":"<!-- This site is optimized with the Yoast SEO plugin v28.2 - https:\/\/yoast.com\/product\/yoast-seo-wordpress\/ -->\n<title>BAHIA SEGURA O PALMEIRAS NA FONTE NOVA E DEIXA DECIS\u00c3O POR VAGA NA SEMIFINAL EM ABERTO - Conex\u00e3o Esportiva<\/title>\n<meta name=\"robots\" content=\"index, follow, max-snippet:-1, max-image-preview:large, max-video-preview:-1\" \/>\n<link rel=\"canonical\" href=\"https:\/\/conexaoesportiva.org\/cms\/bahia-segura-o-palmeiras-na-fonte-nova-e-deixa-decisao-por-vaga-na-semifinal-em-aberto\/\" \/>\n<meta property=\"og:locale\" content=\"pt_BR\" \/>\n<meta property=\"og:type\" content=\"article\" \/>\n<meta property=\"og:title\" content=\"BAHIA SEGURA O PALMEIRAS NA FONTE NOVA E DEIXA DECIS\u00c3O POR VAGA NA SEMIFINAL EM ABERTO - Conex\u00e3o Esportiva\" \/>\n<meta property=\"og:description\" content=\"Mulheres de A\u00e7o empatam em 1 a 1 no jogo de ida das quartas do Brasileir\u00e3o Feminino e agora decidem classifica\u00e7\u00e3o em\u2026\" \/>\n<meta property=\"og:url\" content=\"https:\/\/conexaoesportiva.org\/cms\/bahia-segura-o-palmeiras-na-fonte-nova-e-deixa-decisao-por-vaga-na-semifinal-em-aberto\/\" \/>\n<meta property=\"og:site_name\" content=\"Conex\u00e3o Esportiva\" \/>\n<meta property=\"article:published_time\" content=\"2026-09-01T02:40:51+00:00\" \/>\n<meta property=\"article:modified_time\" content=\"2026-09-01T02:43:07+00:00\" \/>\n<meta property=\"og:image\" content=\"https:\/\/conexaoesportiva.org\/cms\/wp-content\/uploads\/2026\/08\/WhatsApp-Image-2026-08-31-at-23.34.09.jpeg\" \/>\n\t<meta property=\"og:image:width\" content=\"1320\" \/>\n\t<meta property=\"og:image:height\" content=\"844\" \/>\n\t<meta property=\"og:image:type\" content=\"image\/jpeg\" \/>\n<meta name=\"author\" content=\"Mari Dias\" \/>\n<meta name=\"twitter:card\" content=\"summary_large_image\" \/>\n<meta name=\"twitter:label1\" content=\"Escrito por\" \/>\n\t<meta name=\"twitter:data1\" content=\"Mari Dias\" \/>\n\t<meta name=\"twitter:label2\" content=\"Est. tempo de leitura\" \/>\n\t<meta name=\"twitter:data2\" content=\"3 minutos\" \/>\n<script type=\"application\/ld+json\" class=\"yoast-schema-graph\">{\"@context\":\"https:\\\/\\\/schema.org\",\"@graph\":[{\"@type\":\"Article\",\"@id\":\"https:\\\/\\\/conexaoesportiva.org\\\/cms\\\/bahia-segura-o-palmeiras-na-fonte-nova-e-deixa-decisao-por-vaga-na-semifinal-em-aberto\\\/#article\",\"isPartOf\":{\"@id\":\"https:\\\/\\\/conexaoesportiva.org\\\/cms\\\/bahia-segura-o-palmeiras-na-fonte-nova-e-deixa-decisao-por-vaga-na-semifinal-em-aberto\\\/\"},\"author\":{\"name\":\"Mari Dias\",\"@id\":\"https:\\\/\\\/conexaoesportiva.org\\\/cms\\\/#\\\/schema\\\/person\\\/bc5adab05e4a951930ef9f307d42f670\"},\"headline\":\"BAHIA SEGURA O PALMEIRAS NA FONTE NOVA E DEIXA DECIS\u00c3O POR VAGA NA SEMIFINAL EM ABERTO\",\"datePublished\":\"2026-09-01T02:40:51+00:00\",\"dateModified\":\"2026-09-01T02:43:07+00:00\",\"mainEntityOfPage\":{\"@id\":\"https:\\\/\\\/conexaoesportiva.org\\\/cms\\\/bahia-segura-o-palmeiras-na-fonte-nova-e-deixa-decisao-por-vaga-na-semifinal-em-aberto\\\/\"},\"wordCount\":510,\"commentCount\":0,\"publisher\":{\"@id\":\"https:\\\/\\\/conexaoesportiva.org\\\/cms\\\/#organization\"},\"image\":{\"@id\":\"https:\\\/\\\/conexaoesportiva.org\\\/cms\\\/bahia-segura-o-palmeiras-na-fonte-nova-e-deixa-decisao-por-vaga-na-semifinal-em-aberto\\\/#primaryimage\"},\"thumbnailUrl\":\"https:\\\/\\\/conexaoesportiva.org\\\/cms\\\/wp-content\\\/uploads\\\/2026\\\/08\\\/WhatsApp-Image-2026-08-31-at-23.34.09.jpeg\",\"articleSection\":[\"Not\u00edcias\"],\"inLanguage\":\"pt-BR\",\"potentialAction\":[{\"@type\":\"CommentAction\",\"name\":\"Comment\",\"target\":[\"https:\\\/\\\/conexaoesportiva.org\\\/cms\\\/bahia-segura-o-palmeiras-na-fonte-nova-e-deixa-decisao-por-vaga-na-semifinal-em-aberto\\\/#respond\"]}]},{\"@type\":\"WebPage\",\"@id\":\"https:\\\/\\\/conexaoesportiva.org\\\/cms\\\/bahia-segura-o-palmeiras-na-fonte-nova-e-deixa-decisao-por-vaga-na-semifinal-em-aberto\\\/\",\"url\":\"https:\\\/\\\/conexaoesportiva.org\\\/cms\\\/bahia-segura-o-palmeiras-na-fonte-nova-e-deixa-decisao-por-vaga-na-semifinal-em-aberto\\\/\",\"name\":\"BAHIA SEGURA O PALMEIRAS NA FONTE NOVA E DEIXA DECIS\u00c3O POR VAGA NA SEMIFINAL EM ABERTO - Conex\u00e3o Esportiva\",\"isPartOf\":{\"@id\":\"https:\\\/\\\/conexaoesportiva.org\\\/cms\\\/#website\"},\"primaryImageOfPage\":{\"@id\":\"https:\\\/\\\/conexaoesportiva.org\\\/cms\\\/bahia-segura-o-palmeiras-na-fonte-nova-e-deixa-decisao-por-vaga-na-semifinal-em-aberto\\\/#primaryimage\"},\"image\":{\"@id\":\"https:\\\/\\\/conexaoesportiva.org\\\/cms\\\/bahia-segura-o-palmeiras-na-fonte-nova-e-deixa-decisao-por-vaga-na-semifinal-em-aberto\\\/#primaryimage\"},\"thumbnailUrl\":\"https:\\\/\\\/conexaoesportiva.org\\\/cms\\\/wp-content\\\/uploads\\\/2026\\\/08\\\/WhatsApp-Image-2026-08-31-at-23.34.09.jpeg\",\"datePublished\":\"2026-09-01T02:40:51+00:00\",\"dateModified\":\"2026-09-01T02:43:07+00:00\",\"breadcrumb\":{\"@id\":\"https:\\\/\\\/conexaoesportiva.org\\\/cms\\\/bahia-segura-o-palmeiras-na-fonte-nova-e-deixa-decisao-por-vaga-na-semifinal-em-aberto\\\/#breadcrumb\"},\"inLanguage\":\"pt-BR\",\"potentialAction\":[{\"@type\":\"ReadAction\",\"target\":[\"https:\\\/\\\/conexaoesportiva.org\\\/cms\\\/bahia-segura-o-palmeiras-na-fonte-nova-e-deixa-decisao-por-vaga-na-semifinal-em-aberto\\\/\"]}]},{\"@type\":\"ImageObject\",\"inLanguage\":\"pt-BR\",\"@id\":\"https:\\\/\\\/conexaoesportiva.org\\\/cms\\\/bahia-segura-o-palmeiras-na-fonte-nova-e-deixa-decisao-por-vaga-na-semifinal-em-aberto\\\/#primaryimage\",\"url\":\"https:\\\/\\\/conexaoesportiva.org\\\/cms\\\/wp-content\\\/uploads\\\/2026\\\/08\\\/WhatsApp-Image-2026-08-31-at-23.34.09.jpeg\",\"contentUrl\":\"https:\\\/\\\/conexaoesportiva.org\\\/cms\\\/wp-content\\\/uploads\\\/2026\\\/08\\\/WhatsApp-Image-2026-08-31-at-23.34.09.jpeg\",\"width\":1320,\"height\":844},{\"@type\":\"BreadcrumbList\",\"@id\":\"https:\\\/\\\/conexaoesportiva.org\\\/cms\\\/bahia-segura-o-palmeiras-na-fonte-nova-e-deixa-decisao-por-vaga-na-semifinal-em-aberto\\\/#breadcrumb\",\"itemListElement\":[{\"@type\":\"ListItem\",\"position\":1,\"name\":\"In\u00edcio\",\"item\":\"https:\\\/\\\/conexaoesportiva.org\\\/cms\\\/\"},{\"@type\":\"ListItem\",\"position\":2,\"name\":\"BAHIA SEGURA O PALMEIRAS NA FONTE NOVA E DEIXA DECIS\u00c3O POR VAGA NA SEMIFINAL EM ABERTO\"}]},{\"@type\":\"WebSite\",\"@id\":\"https:\\\/\\\/conexaoesportiva.org\\\/cms\\\/#website\",\"url\":\"https:\\\/\\\/conexaoesportiva.org\\\/cms\\\/\",\"name\":\"Conex\u00e3o Esportiva\",\"description\":\"Hub de comunica\u00e7\u00e3o, experi\u00eancias e neg\u00f3cios no esporte.\",\"publisher\":{\"@id\":\"https:\\\/\\\/conexaoesportiva.org\\\/cms\\\/#organization\"},\"potentialAction\":[{\"@type\":\"SearchAction\",\"target\":{\"@type\":\"EntryPoint\",\"urlTemplate\":\"https:\\\/\\\/conexaoesportiva.org\\\/cms\\\/?s={search_term_string}\"},\"query-input\":{\"@type\":\"PropertyValueSpecification\",\"valueRequired\":true,\"valueName\":\"search_term_string\"}}],\"inLanguage\":\"pt-BR\"},{\"@type\":\"Organization\",\"@id\":\"https:\\\/\\\/conexaoesportiva.org\\\/cms\\\/#organization\",\"name\":\"Conex\u00e3o Esportiva\",\"url\":\"https:\\\/\\\/conexaoesportiva.org\\\/cms\\\/\",\"logo\":{\"@type\":\"ImageObject\",\"inLanguage\":\"pt-BR\",\"@id\":\"https:\\\/\\\/conexaoesportiva.org\\\/cms\\\/#\\\/schema\\\/logo\\\/image\\\/\",\"url\":\"https:\\\/\\\/conexaoesportiva.org\\\/cms\\\/wp-content\\\/uploads\\\/2026\\\/08\\\/logo-conexao-esportiva.png\",\"contentUrl\":\"https:\\\/\\\/conexaoesportiva.org\\\/cms\\\/wp-content\\\/uploads\\\/2026\\\/08\\\/logo-conexao-esportiva.png\",\"width\":2481,\"height\":2481,\"caption\":\"Conex\u00e3o Esportiva\"},\"image\":{\"@id\":\"https:\\\/\\\/conexaoesportiva.org\\\/cms\\\/#\\\/schema\\\/logo\\\/image\\\/\"}},{\"@type\":\"Person\",\"@id\":\"https:\\\/\\\/conexaoesportiva.org\\\/cms\\\/#\\\/schema\\\/person\\\/bc5adab05e4a951930ef9f307d42f670\",\"name\":\"Mari Dias\",\"image\":{\"@type\":\"ImageObject\",\"inLanguage\":\"pt-BR\",\"@id\":\"https:\\\/\\\/secure.gravatar.com\\\/avatar\\\/45345599d8ce311e67647ee957e80397e89d30b3497d4cc0d838125bb0e3a1b7?s=96&d=mm&r=g\",\"url\":\"https:\\\/\\\/secure.gravatar.com\\\/avatar\\\/45345599d8ce311e67647ee957e80397e89d30b3497d4cc0d838125bb0e3a1b7?s=96&d=mm&r=g\",\"contentUrl\":\"https:\\\/\\\/secure.gravatar.com\\\/avatar\\\/45345599d8ce311e67647ee957e80397e89d30b3497d4cc0d838125bb0e3a1b7?s=96&d=mm&r=g\",\"caption\":\"Mari Dias\"},\"url\":\"https:\\\/\\\/conexaoesportiva.org\\\/cms\\\/author\\\/mari\\\/\"}]}<\/script>\n<!-- \/ Yoast SEO plugin. -->","yoast_head_json":{"title":"BAHIA SEGURA O PALMEIRAS NA FONTE NOVA E DEIXA DECIS\u00c3O POR VAGA NA SEMIFINAL EM ABERTO - Conex\u00e3o Esportiva","robots":{"index":"index","follow":"follow","max-snippet":"max-snippet:-1","max-image-preview":"max-image-preview:large","max-video-preview":"max-video-preview:-1"},"canonical":"https:\/\/conexaoesportiva.org\/cms\/bahia-segura-o-palmeiras-na-fonte-nova-e-deixa-decisao-por-vaga-na-semifinal-em-aberto\/","og_locale":"pt_BR","og_type":"article","og_title":"BAHIA SEGURA O PALMEIRAS NA FONTE NOVA E DEIXA DECIS\u00c3O POR VAGA NA SEMIFINAL EM ABERTO - Conex\u00e3o Esportiva","og_description":"Mulheres de A\u00e7o empatam em 1 a 1 no jogo de ida das quartas do Brasileir\u00e3o Feminino e agora decidem classifica\u00e7\u00e3o em\u2026","og_url":"https:\/\/conexaoesportiva.org\/cms\/bahia-segura-o-palmeiras-na-fonte-nova-e-deixa-decisao-por-vaga-na-semifinal-em-aberto\/","og_site_name":"Conex\u00e3o Esportiva","article_published_time":"2026-09-01T02:40:51+00:00","article_modified_time":"2026-09-01T02:43:07+00:00","og_image":[{"width":1320,"height":844,"url":"https:\/\/conexaoesportiva.org\/cms\/wp-content\/uploads\/2026\/08\/WhatsApp-Image-2026-08-31-at-23.34.09.jpeg","type":"image\/jpeg"}],"author":"Mari Dias","twitter_card":"summary_large_image","twitter_misc":{"Escrito por":"Mari Dias","Est. tempo de leitura":"3 minutos"},"schema":{"@context":"https:\/\/schema.org","@graph":[{"@type":"Article","@id":"https:\/\/conexaoesportiva.org\/cms\/bahia-segura-o-palmeiras-na-fonte-nova-e-deixa-decisao-por-vaga-na-semifinal-em-aberto\/#article","isPartOf":{"@id":"https:\/\/conexaoesportiva.org\/cms\/bahia-segura-o-palmeiras-na-fonte-nova-e-deixa-decisao-por-vaga-na-semifinal-em-aberto\/"},"author":{"name":"Mari Dias","@id":"https:\/\/conexaoesportiva.org\/cms\/#\/schema\/person\/bc5adab05e4a951930ef9f307d42f670"},"headline":"BAHIA SEGURA O PALMEIRAS NA FONTE NOVA E DEIXA DECIS\u00c3O POR VAGA NA SEMIFINAL EM ABERTO","datePublished":"2026-09-01T02:40:51+00:00","dateModified":"2026-09-01T02:43:07+00:00","mainEntityOfPage":{"@id":"https:\/\/conexaoesportiva.org\/cms\/bahia-segura-o-palmeiras-na-fonte-nova-e-deixa-decisao-por-vaga-na-semifinal-em-aberto\/"},"wordCount":510,"commentCount":0,"publisher":{"@id":"https:\/\/conexaoesportiva.org\/cms\/#organization"},"image":{"@id":"https:\/\/conexaoesportiva.org\/cms\/bahia-segura-o-palmeiras-na-fonte-nova-e-deixa-decisao-por-vaga-na-semifinal-em-aberto\/#primaryimage"},"thumbnailUrl":"https:\/\/conexaoesportiva.org\/cms\/wp-content\/uploads\/2026\/08\/WhatsApp-Image-2026-08-31-at-23.34.09.jpeg","articleSection":["Not\u00edcias"],"inLanguage":"pt-BR","potentialAction":[{"@type":"CommentAction","name":"Comment","target":["https:\/\/conexaoesportiva.org\/cms\/bahia-segura-o-palmeiras-na-fonte-nova-e-deixa-decisao-por-vaga-na-semifinal-em-aberto\/#respond"]}]},{"@type":"WebPage","@id":"https:\/\/conexaoesportiva.org\/cms\/bahia-segura-o-palmeiras-na-fonte-nova-e-deixa-decisao-por-vaga-na-semifinal-em-aberto\/","url":"https:\/\/conexaoesportiva.org\/cms\/bahia-segura-o-palmeiras-na-fonte-nova-e-deixa-decisao-por-vaga-na-semifinal-em-aberto\/","name":"BAHIA SEGURA O PALMEIRAS NA FONTE NOVA E DEIXA DECIS\u00c3O POR VAGA NA SEMIFINAL EM ABERTO - Conex\u00e3o Esportiva","isPartOf":{"@id":"https:\/\/conexaoesportiva.org\/cms\/#website"},"primaryImageOfPage":{"@id":"https:\/\/conexaoesportiva.org\/cms\/bahia-segura-o-palmeiras-na-fonte-nova-e-deixa-decisao-por-vaga-na-semifinal-em-aberto\/#primaryimage"},"image":{"@id":"https:\/\/conexaoesportiva.org\/cms\/bahia-segura-o-palmeiras-na-fonte-nova-e-deixa-decisao-por-vaga-na-semifinal-em-aberto\/#primaryimage"},"thumbnailUrl":"https:\/\/conexaoesportiva.org\/cms\/wp-content\/uploads\/2026\/08\/WhatsApp-Image-2026-08-31-at-23.34.09.jpeg","datePublished":"2026-09-01T02:40:51+00:00","dateModified":"2026-09-01T02:43:07+00:00","breadcrumb":{"@id":"https:\/\/conexaoesportiva.org\/cms\/bahia-segura-o-palmeiras-na-fonte-nova-e-deixa-decisao-por-vaga-na-semifinal-em-aberto\/#breadcrumb"},"inLanguage":"pt-BR","potentialAction":[{"@type":"ReadAction","target":["https:\/\/conexaoesportiva.org\/cms\/bahia-segura-o-palmeiras-na-fonte-nova-e-deixa-decisao-por-vaga-na-semifinal-em-aberto\/"]}]},{"@type":"ImageObject","inLanguage":"pt-BR","@id":"https:\/\/conexaoesportiva.org\/cms\/bahia-segura-o-palmeiras-na-fonte-nova-e-deixa-decisao-por-vaga-na-semifinal-em-aberto\/#primaryimage","url":"https:\/\/conexaoesportiva.org\/cms\/wp-content\/uploads\/2026\/08\/WhatsApp-Image-2026-08-31-at-23.34.09.jpeg","contentUrl":"https:\/\/conexaoesportiva.org\/cms\/wp-content\/uploads\/2026\/08\/WhatsApp-Image-2026-08-31-at-23.34.09.jpeg","width":1320,"height":844},{"@type":"BreadcrumbList","@id":"https:\/\/conexaoesportiva.org\/cms\/bahia-segura-o-palmeiras-na-fonte-nova-e-deixa-decisao-por-vaga-na-semifinal-em-aberto\/#breadcrumb","itemListElement":[{"@type":"ListItem","position":1,"name":"In\u00edcio","item":"https:\/\/conexaoesportiva.org\/cms\/"},{"@type":"ListItem","position":2,"name":"BAHIA SEGURA O PALMEIRAS NA FONTE NOVA E DEIXA DECIS\u00c3O POR VAGA NA SEMIFINAL EM ABERTO"}]},{"@type":"WebSite","@id":"https:\/\/conexaoesportiva.org\/cms\/#website","url":"https:\/\/conexaoesportiva.org\/cms\/","name":"Conex\u00e3o Esportiva","description":"Hub de comunica\u00e7\u00e3o, experi\u00eancias e neg\u00f3cios no esporte.","publisher":{"@id":"https:\/\/conexaoesportiva.org\/cms\/#organization"},"potentialAction":[{"@type":"SearchAction","target":{"@type":"EntryPoint","urlTemplate":"https:\/\/conexaoesportiva.org\/cms\/?s={search_term_string}"},"query-input":{"@type":"PropertyValueSpecification","valueRequired":true,"valueName":"search_term_string"}}],"inLanguage":"pt-BR"},{"@type":"Organization","@id":"https:\/\/conexaoesportiva.org\/cms\/#organization","name":"Conex\u00e3o Esportiva","url":"https:\/\/conexaoesportiva.org\/cms\/","logo":{"@type":"ImageObject","inLanguage":"pt-BR","@id":"https:\/\/conexaoesportiva.org\/cms\/#\/schema\/logo\/image\/","url":"https:\/\/conexaoesportiva.org\/cms\/wp-content\/uploads\/2026\/08\/logo-conexao-esportiva.png","contentUrl":"https:\/\/conexaoesportiva.org\/cms\/wp-content\/uploads\/2026\/08\/logo-conexao-esportiva.png","width":2481,"height":2481,"caption":"Conex\u00e3o Esportiva"},"image":{"@id":"https:\/\/conexaoesportiva.org\/cms\/#\/schema\/logo\/image\/"}},{"@type":"Person","@id":"https:\/\/conexaoesportiva.org\/cms\/#\/schema\/person\/bc5adab05e4a951930ef9f307d42f670","name":"Mari Dias","image":{"@type":"ImageObject","inLanguage":"pt-BR","@id":"https:\/\/secure.gravatar.com\/avatar\/45345599d8ce311e67647ee957e80397e89d30b3497d4cc0d838125bb0e3a1b7?s=96&d=mm&r=g","url":"https:\/\/secure.gravatar.com\/avatar\/45345599d8ce311e67647ee957e80397e89d30b3497d4cc0d838125bb0e3a1b7?s=96&d=mm&r=g","contentUrl":"https:\/\/secure.gravatar.com\/avatar\/45345599d8ce311e67647ee957e80397e89d30b3497d4cc0d838125bb0e3a1b7?s=96&d=mm&r=g","caption":"Mari Dias"},"url":"https:\/\/conexaoesportiva.org\/cms\/author\/mari\/"}]}},"_links":{"self":[{"href":"https:\/\/conexaoesportiva.org\/cms\/wp-json\/wp\/v2\/posts\/111","targetHints":{"allow":["GET"]}}],"collection":[{"href":"https:\/\/conexaoesportiva.org\/cms\/wp-json\/wp\/v2\/posts"}],"about":[{"href":"https:\/\/conexaoesportiva.org\/cms\/wp-json\/wp\/v2\/types\/post"}],"author":[{"embeddable":true,"href":"https:\/\/conexaoesportiva.org\/cms\/wp-json\/wp\/v2\/users\/2"}],"replies":[{"embeddable":true,"href":"https:\/\/conexaoesportiva.org\/cms\/wp-json\/wp\/v2\/comments?post=111"}],"version-history":[{"count":1,"href":"https:\/\/conexaoesportiva.org\/cms\/wp-json\/wp\/v2\/posts\/111\/revisions"}],"predecessor-version":[{"id":113,"href":"https:\/\/conexaoesportiva.org\/cms\/wp-json\/wp\/v2\/posts\/111\/revisions\/113"}],"wp:featuredmedia":[{"embeddable":true,"href":"https:\/\/conexaoesportiva.org\/cms\/wp-json\/wp\/v2\/media\/112"}],"wp:attachment":[{"href":"https:\/\/conexaoesportiva.org\/cms\/wp-json\/wp\/v2\/media?parent=111"}],"wp:term":[{"taxonomy":"category","embeddable":true,"href":"https:\/\/conexaoesportiva.org\/cms\/wp-json\/wp\/v2\/categories?post=111"},{"taxonomy":"post_tag","embeddable":true,"href":"https:\/\/conexaoesportiva.org\/cms\/wp-json\/wp\/v2\/tags?post=111"}],"curies":[{"name":"wp","href":"https:\/\/api.w.org\/{rel}","templated":true}]}}