{"id":54,"date":"2026-08-05T13:48:52","date_gmt":"2026-08-05T16:48:52","guid":{"rendered":"https:\/\/conexaoesportiva.org\/cms\/?p=54"},"modified":"2026-08-05T13:48:53","modified_gmt":"2026-08-05T16:48:53","slug":"bicampeao-mundial-uri-valadao-e-destaque-em-itacare-no-circuito-baiano-de-bodyboardnos-dias-8-e-9-de-agosto","status":"publish","type":"post","link":"https:\/\/conexaoesportiva.org\/cms\/bicampeao-mundial-uri-valadao-e-destaque-em-itacare-no-circuito-baiano-de-bodyboardnos-dias-8-e-9-de-agosto\/","title":{"rendered":"Bicampe\u00e3o Mundial Uri Valad\u00e3o, \u00e9 destaque em Itacar\u00e9 no Circuito Baiano de BodyBoard,nos dias 8 e 9 de agosto"},"content":{"rendered":"\n<p class=\"wp-block-paragraph\">O Itacar\u00e9 Bodyboard Pro, na Praia da Tiririca, vai receber em Itacar\u00e9 (BA) mais de 200 atletas do Brasil e do mundo<\/p>\n\n\n\n<p class=\"wp-block-paragraph\"><\/p>\n\n\n\n<p class=\"wp-block-paragraph\">Um dos destinos mais conhecidos do surf brasileiro ser\u00e1 palco, nos dias 8 e 9 de agosto, de mais uma etapa do Circuito Baiano de Bodyboard. A Praia da Tiririca, em Itacar\u00e9, recebe o Itacar\u00e9 Bodyboard Pro, competi\u00e7\u00e3o que deve reunir cerca de 200 atletas do Brasil e do mundo, al\u00e9m de um p\u00fablico estimado em 1.500 pessoas por dia.<\/p>\n\n\n\n<p class=\"wp-block-paragraph\"><\/p>\n\n\n\n<p class=\"wp-block-paragraph\">A etapa chega em meio a uma temporada de destaque para o bodyboard baiano. O soteropolitano Uri Valad\u00e3o, o &#8220;Baiano Voador&#8221;, \u00e9 hoje o atual bicampe\u00e3o mundial da modalidade, t\u00edtulo conquistado em outubro de 2025 pelo IBC World Tour, dezessete anos ap\u00f3s sua primeira conquista, em 2008. Na atualiza\u00e7\u00e3o do ranking mundial 2026, divulgada ap\u00f3s a etapa de Itacoatiara (RJ) no fim de maio, Valad\u00e3o aparece na 9\u00aa posi\u00e7\u00e3o, atr\u00e1s do sul-africano Tristan Roberts, atual l\u00edder e algoz do baiano nas quartas de final daquela etapa. O momento refor\u00e7a o apelo competitivo de ver, em solo baiano, um dos nomes mais vitoriosos da hist\u00f3ria do esporte no pa\u00eds buscando se aproximar do topo do ranking.<\/p>\n\n\n\n<p class=\"wp-block-paragraph\"><\/p>\n\n\n\n<p class=\"wp-block-paragraph\">A for\u00e7a do estado no cen\u00e1rio internacional n\u00e3o se resume a Valad\u00e3o: na mesma temporada 2025, o tamb\u00e9m baiano Gabriel Braga chegou \u00e0s oitavas de final da etapa decisiva do circuito mundial, finalizando em 5\u00ba lugar, refor\u00e7ando o protagonismo baiano entre os principais nomes do bodyboard.<\/p>\n\n\n\n<p class=\"wp-block-paragraph\">A Praia da Tiririca j\u00e1 tem tradi\u00e7\u00e3o como palco de etapas do calend\u00e1rio estadual, tendo recebido em edi\u00e7\u00f5es anteriores grande p\u00fablico e nomes de destaque do cen\u00e1rio nacional e mundial da modalidade. O local tamb\u00e9m abriga o primeiro centro p\u00fablico de treinamento de surf da Bahia, fruto de emenda parlamentar, o que refor\u00e7a a voca\u00e7\u00e3o da praia para sediar competi\u00e7\u00f5es de alto rendimento.<\/p>\n\n\n\n<p class=\"wp-block-paragraph\">Al\u00e9m da disputa esportiva, a programa\u00e7\u00e3o inclui a\u00e7\u00f5es de educa\u00e7\u00e3o ambiental e de incentivo \u00e0 pr\u00e1tica do esporte entre jovens da comunidade local, com aul\u00f5es sociais de bodyboard e atividades de limpeza de praia \u2014 refor\u00e7ando o compromisso do evento com a sustentabilidade e a inclus\u00e3o social.<\/p>\n\n\n\n<p class=\"wp-block-paragraph\">\u201cA Tiririca j\u00e1 provou que tem estrutura e p\u00fablico para receber uma etapa de peso do calend\u00e1rio baiano. Trazer o Itacar\u00e9 Bodyboard Pro para c\u00e1 \u00e9 reconhecer esse potencial e seguir fortalecendo o bodyboard como ferramenta de esporte, turismo e inclus\u00e3o social no estado\u201d, afirma Gabriel Nascimento, organizador do evento pela FEBEB.<\/p>\n\n\n\n<p class=\"wp-block-paragraph\">Servi\u00e7o<\/p>\n\n\n\n<p class=\"wp-block-paragraph\">Itacar\u00e9 Bodyboard Pro 2026<br>Local: CT de Surf, Praia da Tiririca, Itacar\u00e9 (BA)<br>Sexta-feira, 07\/08<br>16h \u2014 Check-in e entrega dos kits dos atletas<br>S\u00e1bado, 08\/08<br>8h \u2014 Abertura<br>8h30 \u2014 In\u00edcio das baterias classificat\u00f3rias<br>15h \u2014 T\u00e9rmino das baterias<br>Domingo, 09\/08<br>8h30 \u2014 In\u00edcio das baterias finalistas<br>15h \u2014 Premia\u00e7\u00e3o e encerramento<br>16h30 \u2014 Show de encerramento: Tiago Mello e Banda<br>Realiza\u00e7\u00e3o: Federa\u00e7\u00e3o de Bodyboarding do Estado da Bahia (FEBEB)<br>Entrada gratuita para o p\u00fablico<\/p>\n\n\n\n<p class=\"wp-block-paragraph\"><\/p>\n","protected":false},"excerpt":{"rendered":"<p>O Itacar\u00e9 Bodyboard Pro, na Praia da Tiririca, vai receber em Itacar\u00e9 (BA) mais de 200 atletas do Brasil e do mundo\u2026<\/p>\n","protected":false},"author":3,"featured_media":56,"comment_status":"open","ping_status":"open","sticky":false,"template":"","format":"standard","meta":{"footnotes":""},"categories":[1],"tags":[],"class_list":["post-54","post","type-post","status-publish","format-standard","has-post-thumbnail","hentry","category-sem-categoria"],"yoast_head":"<!-- This site is optimized with the Yoast SEO plugin v28.2 - https:\/\/yoast.com\/product\/yoast-seo-wordpress\/ -->\n<title>Bicampe\u00e3o Mundial Uri Valad\u00e3o, \u00e9 destaque em Itacar\u00e9 no Circuito Baiano de BodyBoard,nos dias 8 e 9 de agosto - Conex\u00e3o Esportiva<\/title>\n<meta name=\"robots\" content=\"index, follow, max-snippet:-1, max-image-preview:large, max-video-preview:-1\" \/>\n<link rel=\"canonical\" href=\"https:\/\/conexaoesportiva.org\/cms\/bicampeao-mundial-uri-valadao-e-destaque-em-itacare-no-circuito-baiano-de-bodyboardnos-dias-8-e-9-de-agosto\/\" \/>\n<meta property=\"og:locale\" content=\"pt_BR\" \/>\n<meta property=\"og:type\" content=\"article\" \/>\n<meta property=\"og:title\" content=\"Bicampe\u00e3o Mundial Uri Valad\u00e3o, \u00e9 destaque em Itacar\u00e9 no Circuito Baiano de BodyBoard,nos dias 8 e 9 de agosto - Conex\u00e3o Esportiva\" \/>\n<meta property=\"og:description\" content=\"O Itacar\u00e9 Bodyboard Pro, na Praia da Tiririca, vai receber em Itacar\u00e9 (BA) mais de 200 atletas do Brasil e do mundo\u2026\" \/>\n<meta property=\"og:url\" content=\"https:\/\/conexaoesportiva.org\/cms\/bicampeao-mundial-uri-valadao-e-destaque-em-itacare-no-circuito-baiano-de-bodyboardnos-dias-8-e-9-de-agosto\/\" \/>\n<meta property=\"og:site_name\" content=\"Conex\u00e3o Esportiva\" \/>\n<meta property=\"article:published_time\" content=\"2026-08-05T16:48:52+00:00\" \/>\n<meta property=\"article:modified_time\" content=\"2026-08-05T16:48:53+00:00\" \/>\n<meta property=\"og:image\" content=\"https:\/\/conexaoesportiva.org\/cms\/wp-content\/uploads\/2026\/08\/WhatsApp-Image-2026-08-05-at-13.37.04.jpeg\" \/>\n\t<meta property=\"og:image:width\" content=\"1000\" \/>\n\t<meta property=\"og:image:height\" content=\"667\" \/>\n\t<meta property=\"og:image:type\" content=\"image\/jpeg\" \/>\n<meta name=\"author\" content=\"Leila Caroline\" \/>\n<meta name=\"twitter:card\" content=\"summary_large_image\" \/>\n<meta name=\"twitter:label1\" content=\"Escrito por\" \/>\n\t<meta name=\"twitter:data1\" content=\"Leila Caroline\" \/>\n\t<meta name=\"twitter:label2\" content=\"Est. tempo de leitura\" \/>\n\t<meta name=\"twitter:data2\" content=\"3 minutos\" \/>\n<script type=\"application\/ld+json\" class=\"yoast-schema-graph\">{\"@context\":\"https:\\\/\\\/schema.org\",\"@graph\":[{\"@type\":\"Article\",\"@id\":\"https:\\\/\\\/conexaoesportiva.org\\\/cms\\\/bicampeao-mundial-uri-valadao-e-destaque-em-itacare-no-circuito-baiano-de-bodyboardnos-dias-8-e-9-de-agosto\\\/#article\",\"isPartOf\":{\"@id\":\"https:\\\/\\\/conexaoesportiva.org\\\/cms\\\/bicampeao-mundial-uri-valadao-e-destaque-em-itacare-no-circuito-baiano-de-bodyboardnos-dias-8-e-9-de-agosto\\\/\"},\"author\":{\"name\":\"Leila Caroline\",\"@id\":\"https:\\\/\\\/conexaoesportiva.org\\\/cms\\\/#\\\/schema\\\/person\\\/e782b3fe16b6305ade850a843b4d16f0\"},\"headline\":\"Bicampe\u00e3o Mundial Uri Valad\u00e3o, \u00e9 destaque em Itacar\u00e9 no Circuito Baiano de BodyBoard,nos dias 8 e 9 de agosto\",\"datePublished\":\"2026-08-05T16:48:52+00:00\",\"dateModified\":\"2026-08-05T16:48:53+00:00\",\"mainEntityOfPage\":{\"@id\":\"https:\\\/\\\/conexaoesportiva.org\\\/cms\\\/bicampeao-mundial-uri-valadao-e-destaque-em-itacare-no-circuito-baiano-de-bodyboardnos-dias-8-e-9-de-agosto\\\/\"},\"wordCount\":525,\"commentCount\":0,\"publisher\":{\"@id\":\"https:\\\/\\\/conexaoesportiva.org\\\/cms\\\/#organization\"},\"image\":{\"@id\":\"https:\\\/\\\/conexaoesportiva.org\\\/cms\\\/bicampeao-mundial-uri-valadao-e-destaque-em-itacare-no-circuito-baiano-de-bodyboardnos-dias-8-e-9-de-agosto\\\/#primaryimage\"},\"thumbnailUrl\":\"https:\\\/\\\/conexaoesportiva.org\\\/cms\\\/wp-content\\\/uploads\\\/2026\\\/08\\\/WhatsApp-Image-2026-08-05-at-13.37.04.jpeg\",\"inLanguage\":\"pt-BR\",\"potentialAction\":[{\"@type\":\"CommentAction\",\"name\":\"Comment\",\"target\":[\"https:\\\/\\\/conexaoesportiva.org\\\/cms\\\/bicampeao-mundial-uri-valadao-e-destaque-em-itacare-no-circuito-baiano-de-bodyboardnos-dias-8-e-9-de-agosto\\\/#respond\"]}]},{\"@type\":\"WebPage\",\"@id\":\"https:\\\/\\\/conexaoesportiva.org\\\/cms\\\/bicampeao-mundial-uri-valadao-e-destaque-em-itacare-no-circuito-baiano-de-bodyboardnos-dias-8-e-9-de-agosto\\\/\",\"url\":\"https:\\\/\\\/conexaoesportiva.org\\\/cms\\\/bicampeao-mundial-uri-valadao-e-destaque-em-itacare-no-circuito-baiano-de-bodyboardnos-dias-8-e-9-de-agosto\\\/\",\"name\":\"Bicampe\u00e3o Mundial Uri Valad\u00e3o, \u00e9 destaque em Itacar\u00e9 no Circuito Baiano de BodyBoard,nos dias 8 e 9 de agosto - Conex\u00e3o Esportiva\",\"isPartOf\":{\"@id\":\"https:\\\/\\\/conexaoesportiva.org\\\/cms\\\/#website\"},\"primaryImageOfPage\":{\"@id\":\"https:\\\/\\\/conexaoesportiva.org\\\/cms\\\/bicampeao-mundial-uri-valadao-e-destaque-em-itacare-no-circuito-baiano-de-bodyboardnos-dias-8-e-9-de-agosto\\\/#primaryimage\"},\"image\":{\"@id\":\"https:\\\/\\\/conexaoesportiva.org\\\/cms\\\/bicampeao-mundial-uri-valadao-e-destaque-em-itacare-no-circuito-baiano-de-bodyboardnos-dias-8-e-9-de-agosto\\\/#primaryimage\"},\"thumbnailUrl\":\"https:\\\/\\\/conexaoesportiva.org\\\/cms\\\/wp-content\\\/uploads\\\/2026\\\/08\\\/WhatsApp-Image-2026-08-05-at-13.37.04.jpeg\",\"datePublished\":\"2026-08-05T16:48:52+00:00\",\"dateModified\":\"2026-08-05T16:48:53+00:00\",\"breadcrumb\":{\"@id\":\"https:\\\/\\\/conexaoesportiva.org\\\/cms\\\/bicampeao-mundial-uri-valadao-e-destaque-em-itacare-no-circuito-baiano-de-bodyboardnos-dias-8-e-9-de-agosto\\\/#breadcrumb\"},\"inLanguage\":\"pt-BR\",\"potentialAction\":[{\"@type\":\"ReadAction\",\"target\":[\"https:\\\/\\\/conexaoesportiva.org\\\/cms\\\/bicampeao-mundial-uri-valadao-e-destaque-em-itacare-no-circuito-baiano-de-bodyboardnos-dias-8-e-9-de-agosto\\\/\"]}]},{\"@type\":\"ImageObject\",\"inLanguage\":\"pt-BR\",\"@id\":\"https:\\\/\\\/conexaoesportiva.org\\\/cms\\\/bicampeao-mundial-uri-valadao-e-destaque-em-itacare-no-circuito-baiano-de-bodyboardnos-dias-8-e-9-de-agosto\\\/#primaryimage\",\"url\":\"https:\\\/\\\/conexaoesportiva.org\\\/cms\\\/wp-content\\\/uploads\\\/2026\\\/08\\\/WhatsApp-Image-2026-08-05-at-13.37.04.jpeg\",\"contentUrl\":\"https:\\\/\\\/conexaoesportiva.org\\\/cms\\\/wp-content\\\/uploads\\\/2026\\\/08\\\/WhatsApp-Image-2026-08-05-at-13.37.04.jpeg\",\"width\":1000,\"height\":667},{\"@type\":\"BreadcrumbList\",\"@id\":\"https:\\\/\\\/conexaoesportiva.org\\\/cms\\\/bicampeao-mundial-uri-valadao-e-destaque-em-itacare-no-circuito-baiano-de-bodyboardnos-dias-8-e-9-de-agosto\\\/#breadcrumb\",\"itemListElement\":[{\"@type\":\"ListItem\",\"position\":1,\"name\":\"In\u00edcio\",\"item\":\"https:\\\/\\\/conexaoesportiva.org\\\/cms\\\/\"},{\"@type\":\"ListItem\",\"position\":2,\"name\":\"Bicampe\u00e3o Mundial Uri Valad\u00e3o, \u00e9 destaque em Itacar\u00e9 no Circuito Baiano de BodyBoard,nos dias 8 e 9 de agosto\"}]},{\"@type\":\"WebSite\",\"@id\":\"https:\\\/\\\/conexaoesportiva.org\\\/cms\\\/#website\",\"url\":\"https:\\\/\\\/conexaoesportiva.org\\\/cms\\\/\",\"name\":\"Conex\u00e3o Esportiva\",\"description\":\"Hub de comunica\u00e7\u00e3o, experi\u00eancias e neg\u00f3cios no esporte.\",\"publisher\":{\"@id\":\"https:\\\/\\\/conexaoesportiva.org\\\/cms\\\/#organization\"},\"potentialAction\":[{\"@type\":\"SearchAction\",\"target\":{\"@type\":\"EntryPoint\",\"urlTemplate\":\"https:\\\/\\\/conexaoesportiva.org\\\/cms\\\/?s={search_term_string}\"},\"query-input\":{\"@type\":\"PropertyValueSpecification\",\"valueRequired\":true,\"valueName\":\"search_term_string\"}}],\"inLanguage\":\"pt-BR\"},{\"@type\":\"Organization\",\"@id\":\"https:\\\/\\\/conexaoesportiva.org\\\/cms\\\/#organization\",\"name\":\"Conex\u00e3o Esportiva\",\"url\":\"https:\\\/\\\/conexaoesportiva.org\\\/cms\\\/\",\"logo\":{\"@type\":\"ImageObject\",\"inLanguage\":\"pt-BR\",\"@id\":\"https:\\\/\\\/conexaoesportiva.org\\\/cms\\\/#\\\/schema\\\/logo\\\/image\\\/\",\"url\":\"https:\\\/\\\/conexaoesportiva.org\\\/cms\\\/wp-content\\\/uploads\\\/2026\\\/08\\\/logo-conexao-esportiva.png\",\"contentUrl\":\"https:\\\/\\\/conexaoesportiva.org\\\/cms\\\/wp-content\\\/uploads\\\/2026\\\/08\\\/logo-conexao-esportiva.png\",\"width\":2481,\"height\":2481,\"caption\":\"Conex\u00e3o Esportiva\"},\"image\":{\"@id\":\"https:\\\/\\\/conexaoesportiva.org\\\/cms\\\/#\\\/schema\\\/logo\\\/image\\\/\"}},{\"@type\":\"Person\",\"@id\":\"https:\\\/\\\/conexaoesportiva.org\\\/cms\\\/#\\\/schema\\\/person\\\/e782b3fe16b6305ade850a843b4d16f0\",\"name\":\"Leila Caroline\",\"image\":{\"@type\":\"ImageObject\",\"inLanguage\":\"pt-BR\",\"@id\":\"https:\\\/\\\/secure.gravatar.com\\\/avatar\\\/d29f841993ee75a09fac76051d6f1d22881398180003d695e2e40caa18ee83c7?s=96&d=mm&r=g\",\"url\":\"https:\\\/\\\/secure.gravatar.com\\\/avatar\\\/d29f841993ee75a09fac76051d6f1d22881398180003d695e2e40caa18ee83c7?s=96&d=mm&r=g\",\"contentUrl\":\"https:\\\/\\\/secure.gravatar.com\\\/avatar\\\/d29f841993ee75a09fac76051d6f1d22881398180003d695e2e40caa18ee83c7?s=96&d=mm&r=g\",\"caption\":\"Leila Caroline\"},\"url\":\"https:\\\/\\\/conexaoesportiva.org\\\/cms\\\/author\\\/leila\\\/\"}]}<\/script>\n<!-- \/ Yoast SEO plugin. -->","yoast_head_json":{"title":"Bicampe\u00e3o Mundial Uri Valad\u00e3o, \u00e9 destaque em Itacar\u00e9 no Circuito Baiano de BodyBoard,nos dias 8 e 9 de agosto - Conex\u00e3o Esportiva","robots":{"index":"index","follow":"follow","max-snippet":"max-snippet:-1","max-image-preview":"max-image-preview:large","max-video-preview":"max-video-preview:-1"},"canonical":"https:\/\/conexaoesportiva.org\/cms\/bicampeao-mundial-uri-valadao-e-destaque-em-itacare-no-circuito-baiano-de-bodyboardnos-dias-8-e-9-de-agosto\/","og_locale":"pt_BR","og_type":"article","og_title":"Bicampe\u00e3o Mundial Uri Valad\u00e3o, \u00e9 destaque em Itacar\u00e9 no Circuito Baiano de BodyBoard,nos dias 8 e 9 de agosto - Conex\u00e3o Esportiva","og_description":"O Itacar\u00e9 Bodyboard Pro, na Praia da Tiririca, vai receber em Itacar\u00e9 (BA) mais de 200 atletas do Brasil e do mundo\u2026","og_url":"https:\/\/conexaoesportiva.org\/cms\/bicampeao-mundial-uri-valadao-e-destaque-em-itacare-no-circuito-baiano-de-bodyboardnos-dias-8-e-9-de-agosto\/","og_site_name":"Conex\u00e3o Esportiva","article_published_time":"2026-08-05T16:48:52+00:00","article_modified_time":"2026-08-05T16:48:53+00:00","og_image":[{"width":1000,"height":667,"url":"https:\/\/conexaoesportiva.org\/cms\/wp-content\/uploads\/2026\/08\/WhatsApp-Image-2026-08-05-at-13.37.04.jpeg","type":"image\/jpeg"}],"author":"Leila Caroline","twitter_card":"summary_large_image","twitter_misc":{"Escrito por":"Leila Caroline","Est. tempo de leitura":"3 minutos"},"schema":{"@context":"https:\/\/schema.org","@graph":[{"@type":"Article","@id":"https:\/\/conexaoesportiva.org\/cms\/bicampeao-mundial-uri-valadao-e-destaque-em-itacare-no-circuito-baiano-de-bodyboardnos-dias-8-e-9-de-agosto\/#article","isPartOf":{"@id":"https:\/\/conexaoesportiva.org\/cms\/bicampeao-mundial-uri-valadao-e-destaque-em-itacare-no-circuito-baiano-de-bodyboardnos-dias-8-e-9-de-agosto\/"},"author":{"name":"Leila Caroline","@id":"https:\/\/conexaoesportiva.org\/cms\/#\/schema\/person\/e782b3fe16b6305ade850a843b4d16f0"},"headline":"Bicampe\u00e3o Mundial Uri Valad\u00e3o, \u00e9 destaque em Itacar\u00e9 no Circuito Baiano de BodyBoard,nos dias 8 e 9 de agosto","datePublished":"2026-08-05T16:48:52+00:00","dateModified":"2026-08-05T16:48:53+00:00","mainEntityOfPage":{"@id":"https:\/\/conexaoesportiva.org\/cms\/bicampeao-mundial-uri-valadao-e-destaque-em-itacare-no-circuito-baiano-de-bodyboardnos-dias-8-e-9-de-agosto\/"},"wordCount":525,"commentCount":0,"publisher":{"@id":"https:\/\/conexaoesportiva.org\/cms\/#organization"},"image":{"@id":"https:\/\/conexaoesportiva.org\/cms\/bicampeao-mundial-uri-valadao-e-destaque-em-itacare-no-circuito-baiano-de-bodyboardnos-dias-8-e-9-de-agosto\/#primaryimage"},"thumbnailUrl":"https:\/\/conexaoesportiva.org\/cms\/wp-content\/uploads\/2026\/08\/WhatsApp-Image-2026-08-05-at-13.37.04.jpeg","inLanguage":"pt-BR","potentialAction":[{"@type":"CommentAction","name":"Comment","target":["https:\/\/conexaoesportiva.org\/cms\/bicampeao-mundial-uri-valadao-e-destaque-em-itacare-no-circuito-baiano-de-bodyboardnos-dias-8-e-9-de-agosto\/#respond"]}]},{"@type":"WebPage","@id":"https:\/\/conexaoesportiva.org\/cms\/bicampeao-mundial-uri-valadao-e-destaque-em-itacare-no-circuito-baiano-de-bodyboardnos-dias-8-e-9-de-agosto\/","url":"https:\/\/conexaoesportiva.org\/cms\/bicampeao-mundial-uri-valadao-e-destaque-em-itacare-no-circuito-baiano-de-bodyboardnos-dias-8-e-9-de-agosto\/","name":"Bicampe\u00e3o Mundial Uri Valad\u00e3o, \u00e9 destaque em Itacar\u00e9 no Circuito Baiano de BodyBoard,nos dias 8 e 9 de agosto - Conex\u00e3o Esportiva","isPartOf":{"@id":"https:\/\/conexaoesportiva.org\/cms\/#website"},"primaryImageOfPage":{"@id":"https:\/\/conexaoesportiva.org\/cms\/bicampeao-mundial-uri-valadao-e-destaque-em-itacare-no-circuito-baiano-de-bodyboardnos-dias-8-e-9-de-agosto\/#primaryimage"},"image":{"@id":"https:\/\/conexaoesportiva.org\/cms\/bicampeao-mundial-uri-valadao-e-destaque-em-itacare-no-circuito-baiano-de-bodyboardnos-dias-8-e-9-de-agosto\/#primaryimage"},"thumbnailUrl":"https:\/\/conexaoesportiva.org\/cms\/wp-content\/uploads\/2026\/08\/WhatsApp-Image-2026-08-05-at-13.37.04.jpeg","datePublished":"2026-08-05T16:48:52+00:00","dateModified":"2026-08-05T16:48:53+00:00","breadcrumb":{"@id":"https:\/\/conexaoesportiva.org\/cms\/bicampeao-mundial-uri-valadao-e-destaque-em-itacare-no-circuito-baiano-de-bodyboardnos-dias-8-e-9-de-agosto\/#breadcrumb"},"inLanguage":"pt-BR","potentialAction":[{"@type":"ReadAction","target":["https:\/\/conexaoesportiva.org\/cms\/bicampeao-mundial-uri-valadao-e-destaque-em-itacare-no-circuito-baiano-de-bodyboardnos-dias-8-e-9-de-agosto\/"]}]},{"@type":"ImageObject","inLanguage":"pt-BR","@id":"https:\/\/conexaoesportiva.org\/cms\/bicampeao-mundial-uri-valadao-e-destaque-em-itacare-no-circuito-baiano-de-bodyboardnos-dias-8-e-9-de-agosto\/#primaryimage","url":"https:\/\/conexaoesportiva.org\/cms\/wp-content\/uploads\/2026\/08\/WhatsApp-Image-2026-08-05-at-13.37.04.jpeg","contentUrl":"https:\/\/conexaoesportiva.org\/cms\/wp-content\/uploads\/2026\/08\/WhatsApp-Image-2026-08-05-at-13.37.04.jpeg","width":1000,"height":667},{"@type":"BreadcrumbList","@id":"https:\/\/conexaoesportiva.org\/cms\/bicampeao-mundial-uri-valadao-e-destaque-em-itacare-no-circuito-baiano-de-bodyboardnos-dias-8-e-9-de-agosto\/#breadcrumb","itemListElement":[{"@type":"ListItem","position":1,"name":"In\u00edcio","item":"https:\/\/conexaoesportiva.org\/cms\/"},{"@type":"ListItem","position":2,"name":"Bicampe\u00e3o Mundial Uri Valad\u00e3o, \u00e9 destaque em Itacar\u00e9 no Circuito Baiano de BodyBoard,nos dias 8 e 9 de agosto"}]},{"@type":"WebSite","@id":"https:\/\/conexaoesportiva.org\/cms\/#website","url":"https:\/\/conexaoesportiva.org\/cms\/","name":"Conex\u00e3o Esportiva","description":"Hub de comunica\u00e7\u00e3o, experi\u00eancias e neg\u00f3cios no esporte.","publisher":{"@id":"https:\/\/conexaoesportiva.org\/cms\/#organization"},"potentialAction":[{"@type":"SearchAction","target":{"@type":"EntryPoint","urlTemplate":"https:\/\/conexaoesportiva.org\/cms\/?s={search_term_string}"},"query-input":{"@type":"PropertyValueSpecification","valueRequired":true,"valueName":"search_term_string"}}],"inLanguage":"pt-BR"},{"@type":"Organization","@id":"https:\/\/conexaoesportiva.org\/cms\/#organization","name":"Conex\u00e3o Esportiva","url":"https:\/\/conexaoesportiva.org\/cms\/","logo":{"@type":"ImageObject","inLanguage":"pt-BR","@id":"https:\/\/conexaoesportiva.org\/cms\/#\/schema\/logo\/image\/","url":"https:\/\/conexaoesportiva.org\/cms\/wp-content\/uploads\/2026\/08\/logo-conexao-esportiva.png","contentUrl":"https:\/\/conexaoesportiva.org\/cms\/wp-content\/uploads\/2026\/08\/logo-conexao-esportiva.png","width":2481,"height":2481,"caption":"Conex\u00e3o Esportiva"},"image":{"@id":"https:\/\/conexaoesportiva.org\/cms\/#\/schema\/logo\/image\/"}},{"@type":"Person","@id":"https:\/\/conexaoesportiva.org\/cms\/#\/schema\/person\/e782b3fe16b6305ade850a843b4d16f0","name":"Leila Caroline","image":{"@type":"ImageObject","inLanguage":"pt-BR","@id":"https:\/\/secure.gravatar.com\/avatar\/d29f841993ee75a09fac76051d6f1d22881398180003d695e2e40caa18ee83c7?s=96&d=mm&r=g","url":"https:\/\/secure.gravatar.com\/avatar\/d29f841993ee75a09fac76051d6f1d22881398180003d695e2e40caa18ee83c7?s=96&d=mm&r=g","contentUrl":"https:\/\/secure.gravatar.com\/avatar\/d29f841993ee75a09fac76051d6f1d22881398180003d695e2e40caa18ee83c7?s=96&d=mm&r=g","caption":"Leila Caroline"},"url":"https:\/\/conexaoesportiva.org\/cms\/author\/leila\/"}]}},"_links":{"self":[{"href":"https:\/\/conexaoesportiva.org\/cms\/wp-json\/wp\/v2\/posts\/54","targetHints":{"allow":["GET"]}}],"collection":[{"href":"https:\/\/conexaoesportiva.org\/cms\/wp-json\/wp\/v2\/posts"}],"about":[{"href":"https:\/\/conexaoesportiva.org\/cms\/wp-json\/wp\/v2\/types\/post"}],"author":[{"embeddable":true,"href":"https:\/\/conexaoesportiva.org\/cms\/wp-json\/wp\/v2\/users\/3"}],"replies":[{"embeddable":true,"href":"https:\/\/conexaoesportiva.org\/cms\/wp-json\/wp\/v2\/comments?post=54"}],"version-history":[{"count":1,"href":"https:\/\/conexaoesportiva.org\/cms\/wp-json\/wp\/v2\/posts\/54\/revisions"}],"predecessor-version":[{"id":57,"href":"https:\/\/conexaoesportiva.org\/cms\/wp-json\/wp\/v2\/posts\/54\/revisions\/57"}],"wp:featuredmedia":[{"embeddable":true,"href":"https:\/\/conexaoesportiva.org\/cms\/wp-json\/wp\/v2\/media\/56"}],"wp:attachment":[{"href":"https:\/\/conexaoesportiva.org\/cms\/wp-json\/wp\/v2\/media?parent=54"}],"wp:term":[{"taxonomy":"category","embeddable":true,"href":"https:\/\/conexaoesportiva.org\/cms\/wp-json\/wp\/v2\/categories?post=54"},{"taxonomy":"post_tag","embeddable":true,"href":"https:\/\/conexaoesportiva.org\/cms\/wp-json\/wp\/v2\/tags?post=54"}],"curies":[{"name":"wp","href":"https:\/\/api.w.org\/{rel}","templated":true}]}}