{"id":58,"date":"2026-08-05T13:57:56","date_gmt":"2026-08-05T16:57:56","guid":{"rendered":"https:\/\/conexaoesportiva.org\/cms\/?p=58"},"modified":"2026-08-27T13:18:14","modified_gmt":"2026-08-27T16:18:14","slug":"projeto-social-abre-50-vagas-gratuitas-de-natacao-em-aguas-abertas-em-salvador-inscricoes-a-partir-de-3-de-agosto","status":"publish","type":"post","link":"https:\/\/conexaoesportiva.org\/cms\/projeto-social-abre-50-vagas-gratuitas-de-natacao-em-aguas-abertas-em-salvador-inscricoes-a-partir-de-3-de-agosto\/","title":{"rendered":"Projeto social abre 50 vagas gratuitas de nata\u00e7\u00e3o em \u00e1guas abertas em Salvador; inscri\u00e7\u00f5es a partir de 3 de agosto"},"content":{"rendered":"\n<p class=\"wp-block-paragraph\">Nata\u00e7\u00e3o para Todos\u201d chega em momento cr\u00edtico: Salvador registrou 235 casos de afogamento nas praias s\u00f3 nos primeiros meses de 2025 e quase 80 nos primeiros dias de 2026<\/p>\n\n\n\n<p class=\"wp-block-paragraph\"><\/p>\n\n\n\n<p class=\"wp-block-paragraph\"><\/p>\n\n\n\n<p class=\"wp-block-paragraph\">O n\u00famero de casos de afogamento nas praias de Salvador registrou 235 ocorr\u00eancias entre janeiro e agosto de 2025, segundo a Coordenadoria de Salvamento Mar\u00edtimo de Salvador, a Salvamar. \ufffc No in\u00edcio de 2026, o cen\u00e1rio voltou a preocupar: somente nos quatro primeiros dias do ano, foram contabilizadas 57 ocorr\u00eancias de afogamento e 24 registros de pessoas perdidas nas praias da capital baiana. \ufffc<\/p>\n\n\n\n<p class=\"wp-block-paragraph\"><\/p>\n\n\n\n<p class=\"wp-block-paragraph\">\u00c9 nesse contexto que o projeto social Nata\u00e7\u00e3o para Todos abre uma nova rodada de inscri\u00e7\u00f5es na pr\u00f3xima segunda-feira, 3 de agosto, oferecendo 50 vagas gratuitas de aulas de nata\u00e7\u00e3o em \u00e1guas abertas para pessoas em situa\u00e7\u00e3o de vulnerabilidade social em Salvador.<\/p>\n\n\n\n<p class=\"wp-block-paragraph\">A alta procura reflete a urg\u00eancia da iniciativa: a cada nova turma, o projeto registra em m\u00e9dia 2000 inscritos para apenas 50 vagas. Segundo o Corpo de Bombeiros Militar da Bahia, pessoas que n\u00e3o conhecem a din\u00e2mica da praia e n\u00e3o t\u00eam familiaridade com nata\u00e7\u00e3o e banho de mar s\u00e3o as mais vulner\u00e1veis aos afogamentos. \ufffc<\/p>\n\n\n\n<p class=\"wp-block-paragraph\"><\/p>\n\n\n\n<p class=\"wp-block-paragraph\">As aulas ser\u00e3o realizadas na Praia do Porto da Barra, um dos pontos tur\u00edsticos mais frequentados de Salvador, com dura\u00e7\u00e3o de tr\u00eas meses e programa\u00e7\u00e3o que combina atividades pr\u00e1ticas e te\u00f3ricas. Os selecionados ter\u00e3o isen\u00e7\u00e3o total das mensalidades e receber\u00e3o, gratuitamente, \u00f3culos de nata\u00e7\u00e3o, touca, camiseta do projeto e equipamentos de apoio. Dados de 2023 mostram que pardos e pretos representam 67% das mortes por afogamento no pa\u00eds \ufffc \u2014 perfil que o projeto prioriza ao focar em popula\u00e7\u00f5es em situa\u00e7\u00e3o de vulnerabilidade social.<\/p>\n\n\n\n<p class=\"wp-block-paragraph\"><\/p>\n\n\n\n<p class=\"wp-block-paragraph\">A equipe respons\u00e1vel \u00e9 formada por profissionais de educa\u00e7\u00e3o f\u00edsica, salva-vidas e atletas de maratonas e ultramaratonas de nata\u00e7\u00e3o em \u00e1guas abertas, garantindo uma forma\u00e7\u00e3o que vai al\u00e9m da t\u00e9cnica e aborda seguran\u00e7a, sa\u00fade e rela\u00e7\u00e3o com o ambiente marinho.<\/p>\n\n\n\n<p class=\"wp-block-paragraph\">\u201cEnsinar a nadar no mar em Salvador n\u00e3o \u00e9 s\u00f3 uma quest\u00e3o de esporte. \u00c9 cidadania, \u00e9 sa\u00fade, \u00e9 autoestima e, antes de tudo, \u00e9 seguran\u00e7a. O mar faz parte da vida do soteropolitano, mas muita gente ainda tem medo ou nunca teve acesso a um aprendizado seguro. O Nata\u00e7\u00e3o para Todos existe para mudar isso\u201d, afirmou Wesley Rodrigues, fundador da Nata\u00e7\u00e3o F\u00e1cil, projeto respons\u00e1vel pela iniciativa.<\/p>\n\n\n\n<p class=\"wp-block-paragraph\"><\/p>\n\n\n\n<p class=\"wp-block-paragraph\">O Nata\u00e7\u00e3o para Todos integra as a\u00e7\u00f5es sociais da Nata\u00e7\u00e3o F\u00e1cil, que em setembro realiza a Travessia F\u00e1cil, primeira prova de nata\u00e7\u00e3o em \u00e1guas abertas voltada para iniciantes no Porto da Barra, prevista para reunir 500 atletas no dia 20 de setembro de 2026.<\/p>\n\n\n\n<p class=\"wp-block-paragraph\">As inscri\u00e7\u00f5es abrem na segunda-feira, 3 de agosto. | @natacaofacil | WhatsApp: (71) 98482-3681<\/p>\n\n\n\n<p class=\"wp-block-paragraph\"><\/p>\n\n\n\n<p class=\"wp-block-paragraph\">SERVI\u00c7O<br>Nata\u00e7\u00e3o para Todos<br>Abertura das inscri\u00e7\u00f5es: 3 de agosto de 2026<br>Vagas: 50 (gratuitas)<br>Local das aulas: Praia do Porto da Barra \u2014 Salvador\/BA<br>Dura\u00e7\u00e3o: 3 meses<br>Instagram: @natacaofacil<\/p>\n","protected":false},"excerpt":{"rendered":"<p>Nata\u00e7\u00e3o para Todos\u201d chega em momento cr\u00edtico: Salvador registrou 235 casos de afogamento nas praias s\u00f3 nos primeiros meses de 2025 e\u2026<\/p>\n","protected":false},"author":3,"featured_media":59,"comment_status":"open","ping_status":"open","sticky":false,"template":"","format":"standard","meta":{"footnotes":""},"categories":[2],"tags":[],"class_list":["post-58","post","type-post","status-publish","format-standard","has-post-thumbnail","hentry","category-noticias"],"yoast_head":"<!-- This site is optimized with the Yoast SEO plugin v28.2 - https:\/\/yoast.com\/product\/yoast-seo-wordpress\/ -->\n<title>Projeto social abre 50 vagas gratuitas de nata\u00e7\u00e3o em \u00e1guas abertas em Salvador; inscri\u00e7\u00f5es a partir de 3 de agosto - Conex\u00e3o Esportiva<\/title>\n<meta name=\"robots\" content=\"index, follow, max-snippet:-1, max-image-preview:large, max-video-preview:-1\" \/>\n<link rel=\"canonical\" href=\"https:\/\/conexaoesportiva.org\/cms\/projeto-social-abre-50-vagas-gratuitas-de-natacao-em-aguas-abertas-em-salvador-inscricoes-a-partir-de-3-de-agosto\/\" \/>\n<meta property=\"og:locale\" content=\"pt_BR\" \/>\n<meta property=\"og:type\" content=\"article\" \/>\n<meta property=\"og:title\" content=\"Projeto social abre 50 vagas gratuitas de nata\u00e7\u00e3o em \u00e1guas abertas em Salvador; inscri\u00e7\u00f5es a partir de 3 de agosto - Conex\u00e3o Esportiva\" \/>\n<meta property=\"og:description\" content=\"Nata\u00e7\u00e3o para Todos\u201d chega em momento cr\u00edtico: Salvador registrou 235 casos de afogamento nas praias s\u00f3 nos primeiros meses de 2025 e\u2026\" \/>\n<meta property=\"og:url\" content=\"https:\/\/conexaoesportiva.org\/cms\/projeto-social-abre-50-vagas-gratuitas-de-natacao-em-aguas-abertas-em-salvador-inscricoes-a-partir-de-3-de-agosto\/\" \/>\n<meta property=\"og:site_name\" content=\"Conex\u00e3o Esportiva\" \/>\n<meta property=\"article:published_time\" content=\"2026-08-05T16:57:56+00:00\" \/>\n<meta property=\"article:modified_time\" content=\"2026-08-27T16:18:14+00:00\" \/>\n<meta property=\"og:image\" content=\"https:\/\/conexaoesportiva.org\/cms\/wp-content\/uploads\/2026\/08\/WhatsApp-Image-2026-08-02-at-16.48.16.jpeg\" \/>\n\t<meta property=\"og:image:width\" content=\"1600\" \/>\n\t<meta property=\"og:image:height\" content=\"1066\" \/>\n\t<meta property=\"og:image:type\" content=\"image\/jpeg\" \/>\n<meta name=\"author\" content=\"Leila Caroline\" \/>\n<meta name=\"twitter:card\" content=\"summary_large_image\" \/>\n<meta name=\"twitter:label1\" content=\"Escrito por\" \/>\n\t<meta name=\"twitter:data1\" content=\"Leila Caroline\" \/>\n\t<meta name=\"twitter:label2\" content=\"Est. tempo de leitura\" \/>\n\t<meta name=\"twitter:data2\" content=\"3 minutos\" \/>\n<script type=\"application\/ld+json\" class=\"yoast-schema-graph\">{\"@context\":\"https:\\\/\\\/schema.org\",\"@graph\":[{\"@type\":\"Article\",\"@id\":\"https:\\\/\\\/conexaoesportiva.org\\\/cms\\\/projeto-social-abre-50-vagas-gratuitas-de-natacao-em-aguas-abertas-em-salvador-inscricoes-a-partir-de-3-de-agosto\\\/#article\",\"isPartOf\":{\"@id\":\"https:\\\/\\\/conexaoesportiva.org\\\/cms\\\/projeto-social-abre-50-vagas-gratuitas-de-natacao-em-aguas-abertas-em-salvador-inscricoes-a-partir-de-3-de-agosto\\\/\"},\"author\":{\"name\":\"Leila Caroline\",\"@id\":\"https:\\\/\\\/conexaoesportiva.org\\\/cms\\\/#\\\/schema\\\/person\\\/e782b3fe16b6305ade850a843b4d16f0\"},\"headline\":\"Projeto social abre 50 vagas gratuitas de nata\u00e7\u00e3o em \u00e1guas abertas em Salvador; inscri\u00e7\u00f5es a partir de 3 de agosto\",\"datePublished\":\"2026-08-05T16:57:56+00:00\",\"dateModified\":\"2026-08-27T16:18:14+00:00\",\"mainEntityOfPage\":{\"@id\":\"https:\\\/\\\/conexaoesportiva.org\\\/cms\\\/projeto-social-abre-50-vagas-gratuitas-de-natacao-em-aguas-abertas-em-salvador-inscricoes-a-partir-de-3-de-agosto\\\/\"},\"wordCount\":513,\"commentCount\":0,\"publisher\":{\"@id\":\"https:\\\/\\\/conexaoesportiva.org\\\/cms\\\/#organization\"},\"image\":{\"@id\":\"https:\\\/\\\/conexaoesportiva.org\\\/cms\\\/projeto-social-abre-50-vagas-gratuitas-de-natacao-em-aguas-abertas-em-salvador-inscricoes-a-partir-de-3-de-agosto\\\/#primaryimage\"},\"thumbnailUrl\":\"https:\\\/\\\/conexaoesportiva.org\\\/cms\\\/wp-content\\\/uploads\\\/2026\\\/08\\\/WhatsApp-Image-2026-08-02-at-16.48.16.jpeg\",\"articleSection\":[\"Not\u00edcias\"],\"inLanguage\":\"pt-BR\",\"potentialAction\":[{\"@type\":\"CommentAction\",\"name\":\"Comment\",\"target\":[\"https:\\\/\\\/conexaoesportiva.org\\\/cms\\\/projeto-social-abre-50-vagas-gratuitas-de-natacao-em-aguas-abertas-em-salvador-inscricoes-a-partir-de-3-de-agosto\\\/#respond\"]}]},{\"@type\":\"WebPage\",\"@id\":\"https:\\\/\\\/conexaoesportiva.org\\\/cms\\\/projeto-social-abre-50-vagas-gratuitas-de-natacao-em-aguas-abertas-em-salvador-inscricoes-a-partir-de-3-de-agosto\\\/\",\"url\":\"https:\\\/\\\/conexaoesportiva.org\\\/cms\\\/projeto-social-abre-50-vagas-gratuitas-de-natacao-em-aguas-abertas-em-salvador-inscricoes-a-partir-de-3-de-agosto\\\/\",\"name\":\"Projeto social abre 50 vagas gratuitas de nata\u00e7\u00e3o em \u00e1guas abertas em Salvador; inscri\u00e7\u00f5es a partir de 3 de agosto - Conex\u00e3o Esportiva\",\"isPartOf\":{\"@id\":\"https:\\\/\\\/conexaoesportiva.org\\\/cms\\\/#website\"},\"primaryImageOfPage\":{\"@id\":\"https:\\\/\\\/conexaoesportiva.org\\\/cms\\\/projeto-social-abre-50-vagas-gratuitas-de-natacao-em-aguas-abertas-em-salvador-inscricoes-a-partir-de-3-de-agosto\\\/#primaryimage\"},\"image\":{\"@id\":\"https:\\\/\\\/conexaoesportiva.org\\\/cms\\\/projeto-social-abre-50-vagas-gratuitas-de-natacao-em-aguas-abertas-em-salvador-inscricoes-a-partir-de-3-de-agosto\\\/#primaryimage\"},\"thumbnailUrl\":\"https:\\\/\\\/conexaoesportiva.org\\\/cms\\\/wp-content\\\/uploads\\\/2026\\\/08\\\/WhatsApp-Image-2026-08-02-at-16.48.16.jpeg\",\"datePublished\":\"2026-08-05T16:57:56+00:00\",\"dateModified\":\"2026-08-27T16:18:14+00:00\",\"breadcrumb\":{\"@id\":\"https:\\\/\\\/conexaoesportiva.org\\\/cms\\\/projeto-social-abre-50-vagas-gratuitas-de-natacao-em-aguas-abertas-em-salvador-inscricoes-a-partir-de-3-de-agosto\\\/#breadcrumb\"},\"inLanguage\":\"pt-BR\",\"potentialAction\":[{\"@type\":\"ReadAction\",\"target\":[\"https:\\\/\\\/conexaoesportiva.org\\\/cms\\\/projeto-social-abre-50-vagas-gratuitas-de-natacao-em-aguas-abertas-em-salvador-inscricoes-a-partir-de-3-de-agosto\\\/\"]}]},{\"@type\":\"ImageObject\",\"inLanguage\":\"pt-BR\",\"@id\":\"https:\\\/\\\/conexaoesportiva.org\\\/cms\\\/projeto-social-abre-50-vagas-gratuitas-de-natacao-em-aguas-abertas-em-salvador-inscricoes-a-partir-de-3-de-agosto\\\/#primaryimage\",\"url\":\"https:\\\/\\\/conexaoesportiva.org\\\/cms\\\/wp-content\\\/uploads\\\/2026\\\/08\\\/WhatsApp-Image-2026-08-02-at-16.48.16.jpeg\",\"contentUrl\":\"https:\\\/\\\/conexaoesportiva.org\\\/cms\\\/wp-content\\\/uploads\\\/2026\\\/08\\\/WhatsApp-Image-2026-08-02-at-16.48.16.jpeg\",\"width\":1600,\"height\":1066},{\"@type\":\"BreadcrumbList\",\"@id\":\"https:\\\/\\\/conexaoesportiva.org\\\/cms\\\/projeto-social-abre-50-vagas-gratuitas-de-natacao-em-aguas-abertas-em-salvador-inscricoes-a-partir-de-3-de-agosto\\\/#breadcrumb\",\"itemListElement\":[{\"@type\":\"ListItem\",\"position\":1,\"name\":\"In\u00edcio\",\"item\":\"https:\\\/\\\/conexaoesportiva.org\\\/cms\\\/\"},{\"@type\":\"ListItem\",\"position\":2,\"name\":\"Projeto social abre 50 vagas gratuitas de nata\u00e7\u00e3o em \u00e1guas abertas em Salvador; inscri\u00e7\u00f5es a partir de 3 de agosto\"}]},{\"@type\":\"WebSite\",\"@id\":\"https:\\\/\\\/conexaoesportiva.org\\\/cms\\\/#website\",\"url\":\"https:\\\/\\\/conexaoesportiva.org\\\/cms\\\/\",\"name\":\"Conex\u00e3o Esportiva\",\"description\":\"Hub de comunica\u00e7\u00e3o, experi\u00eancias e neg\u00f3cios no esporte.\",\"publisher\":{\"@id\":\"https:\\\/\\\/conexaoesportiva.org\\\/cms\\\/#organization\"},\"potentialAction\":[{\"@type\":\"SearchAction\",\"target\":{\"@type\":\"EntryPoint\",\"urlTemplate\":\"https:\\\/\\\/conexaoesportiva.org\\\/cms\\\/?s={search_term_string}\"},\"query-input\":{\"@type\":\"PropertyValueSpecification\",\"valueRequired\":true,\"valueName\":\"search_term_string\"}}],\"inLanguage\":\"pt-BR\"},{\"@type\":\"Organization\",\"@id\":\"https:\\\/\\\/conexaoesportiva.org\\\/cms\\\/#organization\",\"name\":\"Conex\u00e3o Esportiva\",\"url\":\"https:\\\/\\\/conexaoesportiva.org\\\/cms\\\/\",\"logo\":{\"@type\":\"ImageObject\",\"inLanguage\":\"pt-BR\",\"@id\":\"https:\\\/\\\/conexaoesportiva.org\\\/cms\\\/#\\\/schema\\\/logo\\\/image\\\/\",\"url\":\"https:\\\/\\\/conexaoesportiva.org\\\/cms\\\/wp-content\\\/uploads\\\/2026\\\/08\\\/logo-conexao-esportiva.png\",\"contentUrl\":\"https:\\\/\\\/conexaoesportiva.org\\\/cms\\\/wp-content\\\/uploads\\\/2026\\\/08\\\/logo-conexao-esportiva.png\",\"width\":2481,\"height\":2481,\"caption\":\"Conex\u00e3o Esportiva\"},\"image\":{\"@id\":\"https:\\\/\\\/conexaoesportiva.org\\\/cms\\\/#\\\/schema\\\/logo\\\/image\\\/\"}},{\"@type\":\"Person\",\"@id\":\"https:\\\/\\\/conexaoesportiva.org\\\/cms\\\/#\\\/schema\\\/person\\\/e782b3fe16b6305ade850a843b4d16f0\",\"name\":\"Leila Caroline\",\"image\":{\"@type\":\"ImageObject\",\"inLanguage\":\"pt-BR\",\"@id\":\"https:\\\/\\\/secure.gravatar.com\\\/avatar\\\/d29f841993ee75a09fac76051d6f1d22881398180003d695e2e40caa18ee83c7?s=96&d=mm&r=g\",\"url\":\"https:\\\/\\\/secure.gravatar.com\\\/avatar\\\/d29f841993ee75a09fac76051d6f1d22881398180003d695e2e40caa18ee83c7?s=96&d=mm&r=g\",\"contentUrl\":\"https:\\\/\\\/secure.gravatar.com\\\/avatar\\\/d29f841993ee75a09fac76051d6f1d22881398180003d695e2e40caa18ee83c7?s=96&d=mm&r=g\",\"caption\":\"Leila Caroline\"},\"url\":\"https:\\\/\\\/conexaoesportiva.org\\\/cms\\\/author\\\/leila\\\/\"}]}<\/script>\n<!-- \/ Yoast SEO plugin. -->","yoast_head_json":{"title":"Projeto social abre 50 vagas gratuitas de nata\u00e7\u00e3o em \u00e1guas abertas em Salvador; inscri\u00e7\u00f5es a partir de 3 de agosto - Conex\u00e3o Esportiva","robots":{"index":"index","follow":"follow","max-snippet":"max-snippet:-1","max-image-preview":"max-image-preview:large","max-video-preview":"max-video-preview:-1"},"canonical":"https:\/\/conexaoesportiva.org\/cms\/projeto-social-abre-50-vagas-gratuitas-de-natacao-em-aguas-abertas-em-salvador-inscricoes-a-partir-de-3-de-agosto\/","og_locale":"pt_BR","og_type":"article","og_title":"Projeto social abre 50 vagas gratuitas de nata\u00e7\u00e3o em \u00e1guas abertas em Salvador; inscri\u00e7\u00f5es a partir de 3 de agosto - Conex\u00e3o Esportiva","og_description":"Nata\u00e7\u00e3o para Todos\u201d chega em momento cr\u00edtico: Salvador registrou 235 casos de afogamento nas praias s\u00f3 nos primeiros meses de 2025 e\u2026","og_url":"https:\/\/conexaoesportiva.org\/cms\/projeto-social-abre-50-vagas-gratuitas-de-natacao-em-aguas-abertas-em-salvador-inscricoes-a-partir-de-3-de-agosto\/","og_site_name":"Conex\u00e3o Esportiva","article_published_time":"2026-08-05T16:57:56+00:00","article_modified_time":"2026-08-27T16:18:14+00:00","og_image":[{"width":1600,"height":1066,"url":"https:\/\/conexaoesportiva.org\/cms\/wp-content\/uploads\/2026\/08\/WhatsApp-Image-2026-08-02-at-16.48.16.jpeg","type":"image\/jpeg"}],"author":"Leila Caroline","twitter_card":"summary_large_image","twitter_misc":{"Escrito por":"Leila Caroline","Est. tempo de leitura":"3 minutos"},"schema":{"@context":"https:\/\/schema.org","@graph":[{"@type":"Article","@id":"https:\/\/conexaoesportiva.org\/cms\/projeto-social-abre-50-vagas-gratuitas-de-natacao-em-aguas-abertas-em-salvador-inscricoes-a-partir-de-3-de-agosto\/#article","isPartOf":{"@id":"https:\/\/conexaoesportiva.org\/cms\/projeto-social-abre-50-vagas-gratuitas-de-natacao-em-aguas-abertas-em-salvador-inscricoes-a-partir-de-3-de-agosto\/"},"author":{"name":"Leila Caroline","@id":"https:\/\/conexaoesportiva.org\/cms\/#\/schema\/person\/e782b3fe16b6305ade850a843b4d16f0"},"headline":"Projeto social abre 50 vagas gratuitas de nata\u00e7\u00e3o em \u00e1guas abertas em Salvador; inscri\u00e7\u00f5es a partir de 3 de agosto","datePublished":"2026-08-05T16:57:56+00:00","dateModified":"2026-08-27T16:18:14+00:00","mainEntityOfPage":{"@id":"https:\/\/conexaoesportiva.org\/cms\/projeto-social-abre-50-vagas-gratuitas-de-natacao-em-aguas-abertas-em-salvador-inscricoes-a-partir-de-3-de-agosto\/"},"wordCount":513,"commentCount":0,"publisher":{"@id":"https:\/\/conexaoesportiva.org\/cms\/#organization"},"image":{"@id":"https:\/\/conexaoesportiva.org\/cms\/projeto-social-abre-50-vagas-gratuitas-de-natacao-em-aguas-abertas-em-salvador-inscricoes-a-partir-de-3-de-agosto\/#primaryimage"},"thumbnailUrl":"https:\/\/conexaoesportiva.org\/cms\/wp-content\/uploads\/2026\/08\/WhatsApp-Image-2026-08-02-at-16.48.16.jpeg","articleSection":["Not\u00edcias"],"inLanguage":"pt-BR","potentialAction":[{"@type":"CommentAction","name":"Comment","target":["https:\/\/conexaoesportiva.org\/cms\/projeto-social-abre-50-vagas-gratuitas-de-natacao-em-aguas-abertas-em-salvador-inscricoes-a-partir-de-3-de-agosto\/#respond"]}]},{"@type":"WebPage","@id":"https:\/\/conexaoesportiva.org\/cms\/projeto-social-abre-50-vagas-gratuitas-de-natacao-em-aguas-abertas-em-salvador-inscricoes-a-partir-de-3-de-agosto\/","url":"https:\/\/conexaoesportiva.org\/cms\/projeto-social-abre-50-vagas-gratuitas-de-natacao-em-aguas-abertas-em-salvador-inscricoes-a-partir-de-3-de-agosto\/","name":"Projeto social abre 50 vagas gratuitas de nata\u00e7\u00e3o em \u00e1guas abertas em Salvador; inscri\u00e7\u00f5es a partir de 3 de agosto - Conex\u00e3o Esportiva","isPartOf":{"@id":"https:\/\/conexaoesportiva.org\/cms\/#website"},"primaryImageOfPage":{"@id":"https:\/\/conexaoesportiva.org\/cms\/projeto-social-abre-50-vagas-gratuitas-de-natacao-em-aguas-abertas-em-salvador-inscricoes-a-partir-de-3-de-agosto\/#primaryimage"},"image":{"@id":"https:\/\/conexaoesportiva.org\/cms\/projeto-social-abre-50-vagas-gratuitas-de-natacao-em-aguas-abertas-em-salvador-inscricoes-a-partir-de-3-de-agosto\/#primaryimage"},"thumbnailUrl":"https:\/\/conexaoesportiva.org\/cms\/wp-content\/uploads\/2026\/08\/WhatsApp-Image-2026-08-02-at-16.48.16.jpeg","datePublished":"2026-08-05T16:57:56+00:00","dateModified":"2026-08-27T16:18:14+00:00","breadcrumb":{"@id":"https:\/\/conexaoesportiva.org\/cms\/projeto-social-abre-50-vagas-gratuitas-de-natacao-em-aguas-abertas-em-salvador-inscricoes-a-partir-de-3-de-agosto\/#breadcrumb"},"inLanguage":"pt-BR","potentialAction":[{"@type":"ReadAction","target":["https:\/\/conexaoesportiva.org\/cms\/projeto-social-abre-50-vagas-gratuitas-de-natacao-em-aguas-abertas-em-salvador-inscricoes-a-partir-de-3-de-agosto\/"]}]},{"@type":"ImageObject","inLanguage":"pt-BR","@id":"https:\/\/conexaoesportiva.org\/cms\/projeto-social-abre-50-vagas-gratuitas-de-natacao-em-aguas-abertas-em-salvador-inscricoes-a-partir-de-3-de-agosto\/#primaryimage","url":"https:\/\/conexaoesportiva.org\/cms\/wp-content\/uploads\/2026\/08\/WhatsApp-Image-2026-08-02-at-16.48.16.jpeg","contentUrl":"https:\/\/conexaoesportiva.org\/cms\/wp-content\/uploads\/2026\/08\/WhatsApp-Image-2026-08-02-at-16.48.16.jpeg","width":1600,"height":1066},{"@type":"BreadcrumbList","@id":"https:\/\/conexaoesportiva.org\/cms\/projeto-social-abre-50-vagas-gratuitas-de-natacao-em-aguas-abertas-em-salvador-inscricoes-a-partir-de-3-de-agosto\/#breadcrumb","itemListElement":[{"@type":"ListItem","position":1,"name":"In\u00edcio","item":"https:\/\/conexaoesportiva.org\/cms\/"},{"@type":"ListItem","position":2,"name":"Projeto social abre 50 vagas gratuitas de nata\u00e7\u00e3o em \u00e1guas abertas em Salvador; inscri\u00e7\u00f5es a partir de 3 de agosto"}]},{"@type":"WebSite","@id":"https:\/\/conexaoesportiva.org\/cms\/#website","url":"https:\/\/conexaoesportiva.org\/cms\/","name":"Conex\u00e3o Esportiva","description":"Hub de comunica\u00e7\u00e3o, experi\u00eancias e neg\u00f3cios no esporte.","publisher":{"@id":"https:\/\/conexaoesportiva.org\/cms\/#organization"},"potentialAction":[{"@type":"SearchAction","target":{"@type":"EntryPoint","urlTemplate":"https:\/\/conexaoesportiva.org\/cms\/?s={search_term_string}"},"query-input":{"@type":"PropertyValueSpecification","valueRequired":true,"valueName":"search_term_string"}}],"inLanguage":"pt-BR"},{"@type":"Organization","@id":"https:\/\/conexaoesportiva.org\/cms\/#organization","name":"Conex\u00e3o Esportiva","url":"https:\/\/conexaoesportiva.org\/cms\/","logo":{"@type":"ImageObject","inLanguage":"pt-BR","@id":"https:\/\/conexaoesportiva.org\/cms\/#\/schema\/logo\/image\/","url":"https:\/\/conexaoesportiva.org\/cms\/wp-content\/uploads\/2026\/08\/logo-conexao-esportiva.png","contentUrl":"https:\/\/conexaoesportiva.org\/cms\/wp-content\/uploads\/2026\/08\/logo-conexao-esportiva.png","width":2481,"height":2481,"caption":"Conex\u00e3o Esportiva"},"image":{"@id":"https:\/\/conexaoesportiva.org\/cms\/#\/schema\/logo\/image\/"}},{"@type":"Person","@id":"https:\/\/conexaoesportiva.org\/cms\/#\/schema\/person\/e782b3fe16b6305ade850a843b4d16f0","name":"Leila Caroline","image":{"@type":"ImageObject","inLanguage":"pt-BR","@id":"https:\/\/secure.gravatar.com\/avatar\/d29f841993ee75a09fac76051d6f1d22881398180003d695e2e40caa18ee83c7?s=96&d=mm&r=g","url":"https:\/\/secure.gravatar.com\/avatar\/d29f841993ee75a09fac76051d6f1d22881398180003d695e2e40caa18ee83c7?s=96&d=mm&r=g","contentUrl":"https:\/\/secure.gravatar.com\/avatar\/d29f841993ee75a09fac76051d6f1d22881398180003d695e2e40caa18ee83c7?s=96&d=mm&r=g","caption":"Leila Caroline"},"url":"https:\/\/conexaoesportiva.org\/cms\/author\/leila\/"}]}},"_links":{"self":[{"href":"https:\/\/conexaoesportiva.org\/cms\/wp-json\/wp\/v2\/posts\/58","targetHints":{"allow":["GET"]}}],"collection":[{"href":"https:\/\/conexaoesportiva.org\/cms\/wp-json\/wp\/v2\/posts"}],"about":[{"href":"https:\/\/conexaoesportiva.org\/cms\/wp-json\/wp\/v2\/types\/post"}],"author":[{"embeddable":true,"href":"https:\/\/conexaoesportiva.org\/cms\/wp-json\/wp\/v2\/users\/3"}],"replies":[{"embeddable":true,"href":"https:\/\/conexaoesportiva.org\/cms\/wp-json\/wp\/v2\/comments?post=58"}],"version-history":[{"count":1,"href":"https:\/\/conexaoesportiva.org\/cms\/wp-json\/wp\/v2\/posts\/58\/revisions"}],"predecessor-version":[{"id":60,"href":"https:\/\/conexaoesportiva.org\/cms\/wp-json\/wp\/v2\/posts\/58\/revisions\/60"}],"wp:featuredmedia":[{"embeddable":true,"href":"https:\/\/conexaoesportiva.org\/cms\/wp-json\/wp\/v2\/media\/59"}],"wp:attachment":[{"href":"https:\/\/conexaoesportiva.org\/cms\/wp-json\/wp\/v2\/media?parent=58"}],"wp:term":[{"taxonomy":"category","embeddable":true,"href":"https:\/\/conexaoesportiva.org\/cms\/wp-json\/wp\/v2\/categories?post=58"},{"taxonomy":"post_tag","embeddable":true,"href":"https:\/\/conexaoesportiva.org\/cms\/wp-json\/wp\/v2\/tags?post=58"}],"curies":[{"name":"wp","href":"https:\/\/api.w.org\/{rel}","templated":true}]}}