{"id":66,"date":"2026-08-10T19:31:36","date_gmt":"2026-08-10T22:31:36","guid":{"rendered":"https:\/\/conexaoesportiva.org\/cms\/?p=66"},"modified":"2026-08-10T19:46:12","modified_gmt":"2026-08-10T22:46:12","slug":"lucas-santos-supera-favoritos-uri-valadao-e-gabriel-braga-e-e-campeao-em-casa-na-2a-etapa-do-circuito-baiano-de-bodyboard","status":"publish","type":"post","link":"https:\/\/conexaoesportiva.org\/cms\/lucas-santos-supera-favoritos-uri-valadao-e-gabriel-braga-e-e-campeao-em-casa-na-2a-etapa-do-circuito-baiano-de-bodyboard\/","title":{"rendered":"Lucas Santos supera favoritos Uri Valad\u00e3o e Gabriel Braga e \u00e9 campe\u00e3o em casa na 2\u00aa etapa do Circuito Baiano de Bodyboard"},"content":{"rendered":"\n<p class=\"wp-block-paragraph\"><\/p>\n\n\n\n<p class=\"wp-block-paragraph\">Itacaraense fatura o t\u00edtulo da categoria Pro masculina na Tiririca, enquanto Juliana Dourado \u00e9 a grande campe\u00e3 entre as mulheres<\/p>\n\n\n\n<p class=\"wp-block-paragraph\"><\/p>\n\n\n\n<p class=\"wp-block-paragraph\">A Praia da Tiririca teve uma final e tanto neste domingo (9), na decis\u00e3o da 2\u00aa etapa do Circuito Baiano de Bodyboard. Na categoria Pro masculina, principal da competi\u00e7\u00e3o, os favoritos ao t\u00edtulo eram o bicampe\u00e3o mundial Uri Valad\u00e3o e o tamb\u00e9m baiano Gabriel Braga, mas quem levou a melhor foi a casa: o itacaraense Lucas Santos surpreendeu e faturou o ouro, com Gabriel Braga ficando com a prata. O bronze foi dividido entre outro atleta local, Gabriel Santos, e o pr\u00f3prio Valad\u00e3o, que n\u00e3o conseguiu repetir o favoritismo diante do p\u00fablico da Tiririca.<\/p>\n\n\n\n<p class=\"wp-block-paragraph\"><\/p>\n\n\n\n<p class=\"wp-block-paragraph\">\u201cEu cresci assistindo aos v\u00eddeos do Uri Valad\u00e3o e do Gabriel Braga, eles sempre foram uma inspira\u00e7\u00e3o pra mim. Hoje eu tive a oportunidade de estar na mesma bateria dos dois, surfando de igual para igual com meus \u00eddolos. Isso mostra a for\u00e7a que o esporte tem de revelar novos talentos\u201d, celebrou Lucas Santos, campe\u00e3o do Main Evento Pro, no p\u00f3dio da Tiririca.<\/p>\n\n\n\n<p class=\"wp-block-paragraph\"><\/p>\n\n\n\n<p class=\"wp-block-paragraph\">Do lado de quem foi superado, o reconhecimento tamb\u00e9m veio em forma de incentivo. \u201cEventos como esse s\u00e3o fundamentais para dar visibilidade ao esporte e possibilitar que novos atletas sejam conhecidos e ganhem protagonismo\u201d, destacou Uri Valad\u00e3o sobre a etapa em Itacar\u00e9.<\/p>\n\n\n\n<p class=\"wp-block-paragraph\"><\/p>\n\n\n\n<p class=\"wp-block-paragraph\">Na categoria Pro feminina, o t\u00edtulo ficou com Juliana Dourado, que levou a melhor sobre Liz Bensabath, vice-campe\u00e3, com Claudia Silva e Antonella Ramondo dividindo o terceiro lugar. O resultado consolida as duas categorias Pro, a principal vitrine t\u00e9cnica do evento como o grande cap\u00edtulo da etapa, com destaque para o protagonismo dos atletas da casa entre os homens e a consist\u00eancia de Dourado entre as mulheres.<\/p>\n\n\n\n<p class=\"wp-block-paragraph\">A competi\u00e7\u00e3o tamb\u00e9m teve p\u00f3dio decidido nas demais categorias. Na Master, o t\u00edtulo ficou com Alexandre Milazzo. Nas categorias Open, Yure Wolff venceu entre os homens e Liz Bensabath, j\u00e1 duas vezes no p\u00f3dio no fim de semana, tamb\u00e9m levou o t\u00edtulo entre as mulheres.<\/p>\n\n\n\n<p class=\"wp-block-paragraph\">Um dos momentos mais celebrados do domingo, por\u00e9m, veio da categoria Social: a campe\u00e3 Camila Cesar representa o Surfe Como Uma Garota, projeto social sediado em Itacar\u00e9 que conecta garotas com o mar e com elas mesmas atrav\u00e9s do bodyboard. A iniciativa j\u00e1 leva o esporte a escolas da rede p\u00fablica do munic\u00edpio e forma turmas de meninas na pr\u00e1tica do bodyboard, criando um caminho direto entre a base e etapas competitivas como o Itacar\u00e9 Bodyboard Pro. A vit\u00f3ria de uma atleta ligada ao projeto na pr\u00f3pria etapa que o abra\u00e7a refor\u00e7a o papel do evento como vetor de inclus\u00e3o no esporte, al\u00e9m da disputa t\u00e9cnica nas categorias principais.<\/p>\n\n\n\n<p class=\"wp-block-paragraph\"><\/p>\n\n\n\n<p class=\"wp-block-paragraph\">\u201cVer atletas da casa no topo do p\u00f3dio, superando nomes consagrados do circuito nacional e mundial, \u00e9 a prova de que o trabalho de base do bodyboard baiano est\u00e1 no caminho certo. Itacar\u00e9 mostrou hoje que tamb\u00e9m revela grandes talentos, e n\u00e3o s\u00f3 recebe grandes eventos\u201d, avalia Gabriel Nascimento, presidente da Federa\u00e7\u00e3o de Bodyboarding do Estado da Bahia (FEBEB).<\/p>\n\n\n\n<p class=\"wp-block-paragraph\"><\/p>\n\n\n\n<p class=\"wp-block-paragraph\">\u201cEventos como o Itacar\u00e9 Bodyboard Pro fortalecem o calend\u00e1rio tur\u00edstico do munic\u00edpio e mostram a for\u00e7a de Itacar\u00e9 como destino de esporte e natureza. Cada etapa como essa gera visibilidade, movimenta a economia local e refor\u00e7a nosso trabalho de posicionar a cidade no cen\u00e1rio nacional do turismo esportivo\u201d, afirma Alisson Reis, secret\u00e1ria municipal de Esporte de Itacar\u00e9.<\/p>\n\n\n\n<p class=\"wp-block-paragraph\"><\/p>\n\n\n\n<p class=\"wp-block-paragraph\">Servi\u00e7o<br>2\u00aa etapa do Circuito Baiano de Bodyboard \u2014 Itacar\u00e9 Bodyboard Pro 2026<br>Praia da Tiririca, Itacar\u00e9 (BA) \u2014 8 e 9 de agosto de 2026<br>Resultados completos:https:\/\/liveheats.com.br\/events\/542237<\/p>\n\n\n\n<p class=\"wp-block-paragraph\"><\/p>\n\n\n\n<p class=\"wp-block-paragraph\"><\/p>\n","protected":false},"excerpt":{"rendered":"<p>Itacaraense fatura o t\u00edtulo da categoria Pro masculina na Tiririca, enquanto Juliana Dourado \u00e9 a grande campe\u00e3 entre as mulheres A Praia\u2026<\/p>\n","protected":false},"author":3,"featured_media":67,"comment_status":"open","ping_status":"open","sticky":false,"template":"","format":"standard","meta":{"footnotes":""},"categories":[2],"tags":[],"class_list":["post-66","post","type-post","status-publish","format-standard","has-post-thumbnail","hentry","category-noticias"],"yoast_head":"<!-- This site is optimized with the Yoast SEO plugin v28.2 - https:\/\/yoast.com\/product\/yoast-seo-wordpress\/ -->\n<title>Lucas Santos supera favoritos Uri Valad\u00e3o e Gabriel Braga e \u00e9 campe\u00e3o em casa na 2\u00aa etapa do Circuito Baiano de Bodyboard - Conex\u00e3o Esportiva<\/title>\n<meta name=\"robots\" content=\"index, follow, max-snippet:-1, max-image-preview:large, max-video-preview:-1\" \/>\n<link rel=\"canonical\" href=\"https:\/\/conexaoesportiva.org\/cms\/lucas-santos-supera-favoritos-uri-valadao-e-gabriel-braga-e-e-campeao-em-casa-na-2a-etapa-do-circuito-baiano-de-bodyboard\/\" \/>\n<meta property=\"og:locale\" content=\"pt_BR\" \/>\n<meta property=\"og:type\" content=\"article\" \/>\n<meta property=\"og:title\" content=\"Lucas Santos supera favoritos Uri Valad\u00e3o e Gabriel Braga e \u00e9 campe\u00e3o em casa na 2\u00aa etapa do Circuito Baiano de Bodyboard - Conex\u00e3o Esportiva\" \/>\n<meta property=\"og:description\" content=\"Itacaraense fatura o t\u00edtulo da categoria Pro masculina na Tiririca, enquanto Juliana Dourado \u00e9 a grande campe\u00e3 entre as mulheres A Praia\u2026\" \/>\n<meta property=\"og:url\" content=\"https:\/\/conexaoesportiva.org\/cms\/lucas-santos-supera-favoritos-uri-valadao-e-gabriel-braga-e-e-campeao-em-casa-na-2a-etapa-do-circuito-baiano-de-bodyboard\/\" \/>\n<meta property=\"og:site_name\" content=\"Conex\u00e3o Esportiva\" \/>\n<meta property=\"article:published_time\" content=\"2026-08-10T22:31:36+00:00\" \/>\n<meta property=\"article:modified_time\" content=\"2026-08-10T22:46:12+00:00\" \/>\n<meta property=\"og:image\" content=\"https:\/\/conexaoesportiva.org\/cms\/wp-content\/uploads\/2026\/08\/Pro-Masculino_Bodyboard.jpeg\" \/>\n\t<meta property=\"og:image:width\" content=\"966\" \/>\n\t<meta property=\"og:image:height\" content=\"893\" \/>\n\t<meta property=\"og:image:type\" content=\"image\/jpeg\" \/>\n<meta name=\"author\" content=\"Leila Caroline\" \/>\n<meta name=\"twitter:card\" content=\"summary_large_image\" \/>\n<meta name=\"twitter:label1\" content=\"Escrito por\" \/>\n\t<meta name=\"twitter:data1\" content=\"Leila Caroline\" \/>\n\t<meta name=\"twitter:label2\" content=\"Est. tempo de leitura\" \/>\n\t<meta name=\"twitter:data2\" content=\"4 minutos\" \/>\n<script type=\"application\/ld+json\" class=\"yoast-schema-graph\">{\"@context\":\"https:\\\/\\\/schema.org\",\"@graph\":[{\"@type\":\"Article\",\"@id\":\"https:\\\/\\\/conexaoesportiva.org\\\/cms\\\/lucas-santos-supera-favoritos-uri-valadao-e-gabriel-braga-e-e-campeao-em-casa-na-2a-etapa-do-circuito-baiano-de-bodyboard\\\/#article\",\"isPartOf\":{\"@id\":\"https:\\\/\\\/conexaoesportiva.org\\\/cms\\\/lucas-santos-supera-favoritos-uri-valadao-e-gabriel-braga-e-e-campeao-em-casa-na-2a-etapa-do-circuito-baiano-de-bodyboard\\\/\"},\"author\":{\"name\":\"Leila Caroline\",\"@id\":\"https:\\\/\\\/conexaoesportiva.org\\\/cms\\\/#\\\/schema\\\/person\\\/e782b3fe16b6305ade850a843b4d16f0\"},\"headline\":\"Lucas Santos supera favoritos Uri Valad\u00e3o e Gabriel Braga e \u00e9 campe\u00e3o em casa na 2\u00aa etapa do Circuito Baiano de Bodyboard\",\"datePublished\":\"2026-08-10T22:31:36+00:00\",\"dateModified\":\"2026-08-10T22:46:12+00:00\",\"mainEntityOfPage\":{\"@id\":\"https:\\\/\\\/conexaoesportiva.org\\\/cms\\\/lucas-santos-supera-favoritos-uri-valadao-e-gabriel-braga-e-e-campeao-em-casa-na-2a-etapa-do-circuito-baiano-de-bodyboard\\\/\"},\"wordCount\":655,\"commentCount\":0,\"publisher\":{\"@id\":\"https:\\\/\\\/conexaoesportiva.org\\\/cms\\\/#organization\"},\"image\":{\"@id\":\"https:\\\/\\\/conexaoesportiva.org\\\/cms\\\/lucas-santos-supera-favoritos-uri-valadao-e-gabriel-braga-e-e-campeao-em-casa-na-2a-etapa-do-circuito-baiano-de-bodyboard\\\/#primaryimage\"},\"thumbnailUrl\":\"https:\\\/\\\/conexaoesportiva.org\\\/cms\\\/wp-content\\\/uploads\\\/2026\\\/08\\\/Pro-Masculino_Bodyboard.jpeg\",\"articleSection\":[\"Not\u00edcias\"],\"inLanguage\":\"pt-BR\",\"potentialAction\":[{\"@type\":\"CommentAction\",\"name\":\"Comment\",\"target\":[\"https:\\\/\\\/conexaoesportiva.org\\\/cms\\\/lucas-santos-supera-favoritos-uri-valadao-e-gabriel-braga-e-e-campeao-em-casa-na-2a-etapa-do-circuito-baiano-de-bodyboard\\\/#respond\"]}]},{\"@type\":\"WebPage\",\"@id\":\"https:\\\/\\\/conexaoesportiva.org\\\/cms\\\/lucas-santos-supera-favoritos-uri-valadao-e-gabriel-braga-e-e-campeao-em-casa-na-2a-etapa-do-circuito-baiano-de-bodyboard\\\/\",\"url\":\"https:\\\/\\\/conexaoesportiva.org\\\/cms\\\/lucas-santos-supera-favoritos-uri-valadao-e-gabriel-braga-e-e-campeao-em-casa-na-2a-etapa-do-circuito-baiano-de-bodyboard\\\/\",\"name\":\"Lucas Santos supera favoritos Uri Valad\u00e3o e Gabriel Braga e \u00e9 campe\u00e3o em casa na 2\u00aa etapa do Circuito Baiano de Bodyboard - Conex\u00e3o Esportiva\",\"isPartOf\":{\"@id\":\"https:\\\/\\\/conexaoesportiva.org\\\/cms\\\/#website\"},\"primaryImageOfPage\":{\"@id\":\"https:\\\/\\\/conexaoesportiva.org\\\/cms\\\/lucas-santos-supera-favoritos-uri-valadao-e-gabriel-braga-e-e-campeao-em-casa-na-2a-etapa-do-circuito-baiano-de-bodyboard\\\/#primaryimage\"},\"image\":{\"@id\":\"https:\\\/\\\/conexaoesportiva.org\\\/cms\\\/lucas-santos-supera-favoritos-uri-valadao-e-gabriel-braga-e-e-campeao-em-casa-na-2a-etapa-do-circuito-baiano-de-bodyboard\\\/#primaryimage\"},\"thumbnailUrl\":\"https:\\\/\\\/conexaoesportiva.org\\\/cms\\\/wp-content\\\/uploads\\\/2026\\\/08\\\/Pro-Masculino_Bodyboard.jpeg\",\"datePublished\":\"2026-08-10T22:31:36+00:00\",\"dateModified\":\"2026-08-10T22:46:12+00:00\",\"breadcrumb\":{\"@id\":\"https:\\\/\\\/conexaoesportiva.org\\\/cms\\\/lucas-santos-supera-favoritos-uri-valadao-e-gabriel-braga-e-e-campeao-em-casa-na-2a-etapa-do-circuito-baiano-de-bodyboard\\\/#breadcrumb\"},\"inLanguage\":\"pt-BR\",\"potentialAction\":[{\"@type\":\"ReadAction\",\"target\":[\"https:\\\/\\\/conexaoesportiva.org\\\/cms\\\/lucas-santos-supera-favoritos-uri-valadao-e-gabriel-braga-e-e-campeao-em-casa-na-2a-etapa-do-circuito-baiano-de-bodyboard\\\/\"]}]},{\"@type\":\"ImageObject\",\"inLanguage\":\"pt-BR\",\"@id\":\"https:\\\/\\\/conexaoesportiva.org\\\/cms\\\/lucas-santos-supera-favoritos-uri-valadao-e-gabriel-braga-e-e-campeao-em-casa-na-2a-etapa-do-circuito-baiano-de-bodyboard\\\/#primaryimage\",\"url\":\"https:\\\/\\\/conexaoesportiva.org\\\/cms\\\/wp-content\\\/uploads\\\/2026\\\/08\\\/Pro-Masculino_Bodyboard.jpeg\",\"contentUrl\":\"https:\\\/\\\/conexaoesportiva.org\\\/cms\\\/wp-content\\\/uploads\\\/2026\\\/08\\\/Pro-Masculino_Bodyboard.jpeg\",\"width\":966,\"height\":893},{\"@type\":\"BreadcrumbList\",\"@id\":\"https:\\\/\\\/conexaoesportiva.org\\\/cms\\\/lucas-santos-supera-favoritos-uri-valadao-e-gabriel-braga-e-e-campeao-em-casa-na-2a-etapa-do-circuito-baiano-de-bodyboard\\\/#breadcrumb\",\"itemListElement\":[{\"@type\":\"ListItem\",\"position\":1,\"name\":\"In\u00edcio\",\"item\":\"https:\\\/\\\/conexaoesportiva.org\\\/cms\\\/\"},{\"@type\":\"ListItem\",\"position\":2,\"name\":\"Lucas Santos supera favoritos Uri Valad\u00e3o e Gabriel Braga e \u00e9 campe\u00e3o em casa na 2\u00aa etapa do Circuito Baiano de Bodyboard\"}]},{\"@type\":\"WebSite\",\"@id\":\"https:\\\/\\\/conexaoesportiva.org\\\/cms\\\/#website\",\"url\":\"https:\\\/\\\/conexaoesportiva.org\\\/cms\\\/\",\"name\":\"Conex\u00e3o Esportiva\",\"description\":\"Hub de comunica\u00e7\u00e3o, experi\u00eancias e neg\u00f3cios no esporte.\",\"publisher\":{\"@id\":\"https:\\\/\\\/conexaoesportiva.org\\\/cms\\\/#organization\"},\"potentialAction\":[{\"@type\":\"SearchAction\",\"target\":{\"@type\":\"EntryPoint\",\"urlTemplate\":\"https:\\\/\\\/conexaoesportiva.org\\\/cms\\\/?s={search_term_string}\"},\"query-input\":{\"@type\":\"PropertyValueSpecification\",\"valueRequired\":true,\"valueName\":\"search_term_string\"}}],\"inLanguage\":\"pt-BR\"},{\"@type\":\"Organization\",\"@id\":\"https:\\\/\\\/conexaoesportiva.org\\\/cms\\\/#organization\",\"name\":\"Conex\u00e3o Esportiva\",\"url\":\"https:\\\/\\\/conexaoesportiva.org\\\/cms\\\/\",\"logo\":{\"@type\":\"ImageObject\",\"inLanguage\":\"pt-BR\",\"@id\":\"https:\\\/\\\/conexaoesportiva.org\\\/cms\\\/#\\\/schema\\\/logo\\\/image\\\/\",\"url\":\"https:\\\/\\\/conexaoesportiva.org\\\/cms\\\/wp-content\\\/uploads\\\/2026\\\/08\\\/logo-conexao-esportiva.png\",\"contentUrl\":\"https:\\\/\\\/conexaoesportiva.org\\\/cms\\\/wp-content\\\/uploads\\\/2026\\\/08\\\/logo-conexao-esportiva.png\",\"width\":2481,\"height\":2481,\"caption\":\"Conex\u00e3o Esportiva\"},\"image\":{\"@id\":\"https:\\\/\\\/conexaoesportiva.org\\\/cms\\\/#\\\/schema\\\/logo\\\/image\\\/\"}},{\"@type\":\"Person\",\"@id\":\"https:\\\/\\\/conexaoesportiva.org\\\/cms\\\/#\\\/schema\\\/person\\\/e782b3fe16b6305ade850a843b4d16f0\",\"name\":\"Leila Caroline\",\"image\":{\"@type\":\"ImageObject\",\"inLanguage\":\"pt-BR\",\"@id\":\"https:\\\/\\\/secure.gravatar.com\\\/avatar\\\/d29f841993ee75a09fac76051d6f1d22881398180003d695e2e40caa18ee83c7?s=96&d=mm&r=g\",\"url\":\"https:\\\/\\\/secure.gravatar.com\\\/avatar\\\/d29f841993ee75a09fac76051d6f1d22881398180003d695e2e40caa18ee83c7?s=96&d=mm&r=g\",\"contentUrl\":\"https:\\\/\\\/secure.gravatar.com\\\/avatar\\\/d29f841993ee75a09fac76051d6f1d22881398180003d695e2e40caa18ee83c7?s=96&d=mm&r=g\",\"caption\":\"Leila Caroline\"},\"url\":\"https:\\\/\\\/conexaoesportiva.org\\\/cms\\\/author\\\/leila\\\/\"}]}<\/script>\n<!-- \/ Yoast SEO plugin. -->","yoast_head_json":{"title":"Lucas Santos supera favoritos Uri Valad\u00e3o e Gabriel Braga e \u00e9 campe\u00e3o em casa na 2\u00aa etapa do Circuito Baiano de Bodyboard - Conex\u00e3o Esportiva","robots":{"index":"index","follow":"follow","max-snippet":"max-snippet:-1","max-image-preview":"max-image-preview:large","max-video-preview":"max-video-preview:-1"},"canonical":"https:\/\/conexaoesportiva.org\/cms\/lucas-santos-supera-favoritos-uri-valadao-e-gabriel-braga-e-e-campeao-em-casa-na-2a-etapa-do-circuito-baiano-de-bodyboard\/","og_locale":"pt_BR","og_type":"article","og_title":"Lucas Santos supera favoritos Uri Valad\u00e3o e Gabriel Braga e \u00e9 campe\u00e3o em casa na 2\u00aa etapa do Circuito Baiano de Bodyboard - Conex\u00e3o Esportiva","og_description":"Itacaraense fatura o t\u00edtulo da categoria Pro masculina na Tiririca, enquanto Juliana Dourado \u00e9 a grande campe\u00e3 entre as mulheres A Praia\u2026","og_url":"https:\/\/conexaoesportiva.org\/cms\/lucas-santos-supera-favoritos-uri-valadao-e-gabriel-braga-e-e-campeao-em-casa-na-2a-etapa-do-circuito-baiano-de-bodyboard\/","og_site_name":"Conex\u00e3o Esportiva","article_published_time":"2026-08-10T22:31:36+00:00","article_modified_time":"2026-08-10T22:46:12+00:00","og_image":[{"width":966,"height":893,"url":"https:\/\/conexaoesportiva.org\/cms\/wp-content\/uploads\/2026\/08\/Pro-Masculino_Bodyboard.jpeg","type":"image\/jpeg"}],"author":"Leila Caroline","twitter_card":"summary_large_image","twitter_misc":{"Escrito por":"Leila Caroline","Est. tempo de leitura":"4 minutos"},"schema":{"@context":"https:\/\/schema.org","@graph":[{"@type":"Article","@id":"https:\/\/conexaoesportiva.org\/cms\/lucas-santos-supera-favoritos-uri-valadao-e-gabriel-braga-e-e-campeao-em-casa-na-2a-etapa-do-circuito-baiano-de-bodyboard\/#article","isPartOf":{"@id":"https:\/\/conexaoesportiva.org\/cms\/lucas-santos-supera-favoritos-uri-valadao-e-gabriel-braga-e-e-campeao-em-casa-na-2a-etapa-do-circuito-baiano-de-bodyboard\/"},"author":{"name":"Leila Caroline","@id":"https:\/\/conexaoesportiva.org\/cms\/#\/schema\/person\/e782b3fe16b6305ade850a843b4d16f0"},"headline":"Lucas Santos supera favoritos Uri Valad\u00e3o e Gabriel Braga e \u00e9 campe\u00e3o em casa na 2\u00aa etapa do Circuito Baiano de Bodyboard","datePublished":"2026-08-10T22:31:36+00:00","dateModified":"2026-08-10T22:46:12+00:00","mainEntityOfPage":{"@id":"https:\/\/conexaoesportiva.org\/cms\/lucas-santos-supera-favoritos-uri-valadao-e-gabriel-braga-e-e-campeao-em-casa-na-2a-etapa-do-circuito-baiano-de-bodyboard\/"},"wordCount":655,"commentCount":0,"publisher":{"@id":"https:\/\/conexaoesportiva.org\/cms\/#organization"},"image":{"@id":"https:\/\/conexaoesportiva.org\/cms\/lucas-santos-supera-favoritos-uri-valadao-e-gabriel-braga-e-e-campeao-em-casa-na-2a-etapa-do-circuito-baiano-de-bodyboard\/#primaryimage"},"thumbnailUrl":"https:\/\/conexaoesportiva.org\/cms\/wp-content\/uploads\/2026\/08\/Pro-Masculino_Bodyboard.jpeg","articleSection":["Not\u00edcias"],"inLanguage":"pt-BR","potentialAction":[{"@type":"CommentAction","name":"Comment","target":["https:\/\/conexaoesportiva.org\/cms\/lucas-santos-supera-favoritos-uri-valadao-e-gabriel-braga-e-e-campeao-em-casa-na-2a-etapa-do-circuito-baiano-de-bodyboard\/#respond"]}]},{"@type":"WebPage","@id":"https:\/\/conexaoesportiva.org\/cms\/lucas-santos-supera-favoritos-uri-valadao-e-gabriel-braga-e-e-campeao-em-casa-na-2a-etapa-do-circuito-baiano-de-bodyboard\/","url":"https:\/\/conexaoesportiva.org\/cms\/lucas-santos-supera-favoritos-uri-valadao-e-gabriel-braga-e-e-campeao-em-casa-na-2a-etapa-do-circuito-baiano-de-bodyboard\/","name":"Lucas Santos supera favoritos Uri Valad\u00e3o e Gabriel Braga e \u00e9 campe\u00e3o em casa na 2\u00aa etapa do Circuito Baiano de Bodyboard - Conex\u00e3o Esportiva","isPartOf":{"@id":"https:\/\/conexaoesportiva.org\/cms\/#website"},"primaryImageOfPage":{"@id":"https:\/\/conexaoesportiva.org\/cms\/lucas-santos-supera-favoritos-uri-valadao-e-gabriel-braga-e-e-campeao-em-casa-na-2a-etapa-do-circuito-baiano-de-bodyboard\/#primaryimage"},"image":{"@id":"https:\/\/conexaoesportiva.org\/cms\/lucas-santos-supera-favoritos-uri-valadao-e-gabriel-braga-e-e-campeao-em-casa-na-2a-etapa-do-circuito-baiano-de-bodyboard\/#primaryimage"},"thumbnailUrl":"https:\/\/conexaoesportiva.org\/cms\/wp-content\/uploads\/2026\/08\/Pro-Masculino_Bodyboard.jpeg","datePublished":"2026-08-10T22:31:36+00:00","dateModified":"2026-08-10T22:46:12+00:00","breadcrumb":{"@id":"https:\/\/conexaoesportiva.org\/cms\/lucas-santos-supera-favoritos-uri-valadao-e-gabriel-braga-e-e-campeao-em-casa-na-2a-etapa-do-circuito-baiano-de-bodyboard\/#breadcrumb"},"inLanguage":"pt-BR","potentialAction":[{"@type":"ReadAction","target":["https:\/\/conexaoesportiva.org\/cms\/lucas-santos-supera-favoritos-uri-valadao-e-gabriel-braga-e-e-campeao-em-casa-na-2a-etapa-do-circuito-baiano-de-bodyboard\/"]}]},{"@type":"ImageObject","inLanguage":"pt-BR","@id":"https:\/\/conexaoesportiva.org\/cms\/lucas-santos-supera-favoritos-uri-valadao-e-gabriel-braga-e-e-campeao-em-casa-na-2a-etapa-do-circuito-baiano-de-bodyboard\/#primaryimage","url":"https:\/\/conexaoesportiva.org\/cms\/wp-content\/uploads\/2026\/08\/Pro-Masculino_Bodyboard.jpeg","contentUrl":"https:\/\/conexaoesportiva.org\/cms\/wp-content\/uploads\/2026\/08\/Pro-Masculino_Bodyboard.jpeg","width":966,"height":893},{"@type":"BreadcrumbList","@id":"https:\/\/conexaoesportiva.org\/cms\/lucas-santos-supera-favoritos-uri-valadao-e-gabriel-braga-e-e-campeao-em-casa-na-2a-etapa-do-circuito-baiano-de-bodyboard\/#breadcrumb","itemListElement":[{"@type":"ListItem","position":1,"name":"In\u00edcio","item":"https:\/\/conexaoesportiva.org\/cms\/"},{"@type":"ListItem","position":2,"name":"Lucas Santos supera favoritos Uri Valad\u00e3o e Gabriel Braga e \u00e9 campe\u00e3o em casa na 2\u00aa etapa do Circuito Baiano de Bodyboard"}]},{"@type":"WebSite","@id":"https:\/\/conexaoesportiva.org\/cms\/#website","url":"https:\/\/conexaoesportiva.org\/cms\/","name":"Conex\u00e3o Esportiva","description":"Hub de comunica\u00e7\u00e3o, experi\u00eancias e neg\u00f3cios no esporte.","publisher":{"@id":"https:\/\/conexaoesportiva.org\/cms\/#organization"},"potentialAction":[{"@type":"SearchAction","target":{"@type":"EntryPoint","urlTemplate":"https:\/\/conexaoesportiva.org\/cms\/?s={search_term_string}"},"query-input":{"@type":"PropertyValueSpecification","valueRequired":true,"valueName":"search_term_string"}}],"inLanguage":"pt-BR"},{"@type":"Organization","@id":"https:\/\/conexaoesportiva.org\/cms\/#organization","name":"Conex\u00e3o Esportiva","url":"https:\/\/conexaoesportiva.org\/cms\/","logo":{"@type":"ImageObject","inLanguage":"pt-BR","@id":"https:\/\/conexaoesportiva.org\/cms\/#\/schema\/logo\/image\/","url":"https:\/\/conexaoesportiva.org\/cms\/wp-content\/uploads\/2026\/08\/logo-conexao-esportiva.png","contentUrl":"https:\/\/conexaoesportiva.org\/cms\/wp-content\/uploads\/2026\/08\/logo-conexao-esportiva.png","width":2481,"height":2481,"caption":"Conex\u00e3o Esportiva"},"image":{"@id":"https:\/\/conexaoesportiva.org\/cms\/#\/schema\/logo\/image\/"}},{"@type":"Person","@id":"https:\/\/conexaoesportiva.org\/cms\/#\/schema\/person\/e782b3fe16b6305ade850a843b4d16f0","name":"Leila Caroline","image":{"@type":"ImageObject","inLanguage":"pt-BR","@id":"https:\/\/secure.gravatar.com\/avatar\/d29f841993ee75a09fac76051d6f1d22881398180003d695e2e40caa18ee83c7?s=96&d=mm&r=g","url":"https:\/\/secure.gravatar.com\/avatar\/d29f841993ee75a09fac76051d6f1d22881398180003d695e2e40caa18ee83c7?s=96&d=mm&r=g","contentUrl":"https:\/\/secure.gravatar.com\/avatar\/d29f841993ee75a09fac76051d6f1d22881398180003d695e2e40caa18ee83c7?s=96&d=mm&r=g","caption":"Leila Caroline"},"url":"https:\/\/conexaoesportiva.org\/cms\/author\/leila\/"}]}},"_links":{"self":[{"href":"https:\/\/conexaoesportiva.org\/cms\/wp-json\/wp\/v2\/posts\/66","targetHints":{"allow":["GET"]}}],"collection":[{"href":"https:\/\/conexaoesportiva.org\/cms\/wp-json\/wp\/v2\/posts"}],"about":[{"href":"https:\/\/conexaoesportiva.org\/cms\/wp-json\/wp\/v2\/types\/post"}],"author":[{"embeddable":true,"href":"https:\/\/conexaoesportiva.org\/cms\/wp-json\/wp\/v2\/users\/3"}],"replies":[{"embeddable":true,"href":"https:\/\/conexaoesportiva.org\/cms\/wp-json\/wp\/v2\/comments?post=66"}],"version-history":[{"count":1,"href":"https:\/\/conexaoesportiva.org\/cms\/wp-json\/wp\/v2\/posts\/66\/revisions"}],"predecessor-version":[{"id":68,"href":"https:\/\/conexaoesportiva.org\/cms\/wp-json\/wp\/v2\/posts\/66\/revisions\/68"}],"wp:featuredmedia":[{"embeddable":true,"href":"https:\/\/conexaoesportiva.org\/cms\/wp-json\/wp\/v2\/media\/67"}],"wp:attachment":[{"href":"https:\/\/conexaoesportiva.org\/cms\/wp-json\/wp\/v2\/media?parent=66"}],"wp:term":[{"taxonomy":"category","embeddable":true,"href":"https:\/\/conexaoesportiva.org\/cms\/wp-json\/wp\/v2\/categories?post=66"},{"taxonomy":"post_tag","embeddable":true,"href":"https:\/\/conexaoesportiva.org\/cms\/wp-json\/wp\/v2\/tags?post=66"}],"curies":[{"name":"wp","href":"https:\/\/api.w.org\/{rel}","templated":true}]}}