{"id":77,"date":"2026-08-26T16:25:43","date_gmt":"2026-08-26T19:25:43","guid":{"rendered":"https:\/\/conexaoesportiva.org\/cms\/?p=77"},"modified":"2026-08-26T16:25:44","modified_gmt":"2026-08-26T19:25:44","slug":"aos-66-anos-augustinha-lopes-ja-correu-180-km-sem-parar-e-soma-mais-de-mil-podios","status":"publish","type":"post","link":"https:\/\/conexaoesportiva.org\/cms\/aos-66-anos-augustinha-lopes-ja-correu-180-km-sem-parar-e-soma-mais-de-mil-podios\/","title":{"rendered":"Aos 66 anos, Augustinha Lopes j\u00e1 correu 180 km sem parar e soma mais de mil p\u00f3dios"},"content":{"rendered":"\n<p class=\"wp-block-paragraph\"><em>Ultramaratonista come\u00e7ou a correr aos 44 anos, estreou em uma meia maratona sem experi\u00eancia e transformou os desafios em combust\u00edvel para uma trajet\u00f3ria marcada por determina\u00e7\u00e3o<\/em><\/p>\n\n\n\n<p class=\"wp-block-paragraph\"><\/p>\n\n\n\n<p class=\"wp-block-paragraph\">Aos 66 anos, Augustinha Lopes n\u00e3o pensa em diminuir o ritmo. Ultramaratonista, ela j\u00e1 encarou um dos maiores desafios de sua trajet\u00f3ria: correr <strong>180 quil\u00f4metros sem parar<\/strong>. A dist\u00e2ncia, que se aproxima dos 200 km, foi resultado de um desafio que ela mesma decidiu enfrentar.<\/p>\n\n\n\n<p class=\"wp-block-paragraph\">\u201cEu adoro desafio\u201d, afirma Augustinha, que come\u00e7ou a correr aos 44 anos. E, desde o in\u00edcio, j\u00e1 mostrou que n\u00e3o pretendia come\u00e7ar devagar.<\/p>\n\n\n\n<p class=\"wp-block-paragraph\">Sua primeira prova foi uma meia maratona. Sem saber exatamente o que esperar de uma corrida de 21 quil\u00f4metros, ela participou, conquistou uma medalha e ficou surpresa quando ouviu seu nome ser chamado para o p\u00f3dio: <strong>segundo lugar<\/strong>.<\/p>\n\n\n\n<p class=\"wp-block-paragraph\">A experi\u00eancia foi suficiente para despertar ainda mais sua paix\u00e3o pelo esporte.<\/p>\n\n\n\n<h2 class=\"wp-block-heading\">Da primeira meia maratona para os grandes desafios<\/h2>\n\n\n\n<p class=\"wp-block-paragraph\">Augustinha conta que ficou encantada quando viu uma maratona pela primeira vez.<\/p>\n\n\n\n<p class=\"wp-block-paragraph\">\u201cEu achei lindo, lindo, lindo. Meu Deus, que coisa mais linda!\u201d<\/p>\n\n\n\n<p class=\"wp-block-paragraph\">O incentivo, por\u00e9m, nem sempre veio de quem estava ao redor. Segundo ela, pessoas pr\u00f3ximas diziam que a maratona era apenas para quem j\u00e1 estivesse muito bem treinado.<\/p>\n\n\n\n<p class=\"wp-block-paragraph\">A resposta veio na pr\u00e1tica.<\/p>\n\n\n\n<p class=\"wp-block-paragraph\">\u201cEu digo: eu vou lhe mostrar como eu vou ser. Eu sou capaz de fazer. E fiz mesmo.\u201d<\/p>\n\n\n\n<p class=\"wp-block-paragraph\">A determina\u00e7\u00e3o acabou se tornando uma das principais marcas de sua trajet\u00f3ria.<\/p>\n\n\n\n<h2 class=\"wp-block-heading\">1.020 p\u00f3dios<\/h2>\n\n\n\n<p class=\"wp-block-paragraph\">Em anos de competi\u00e7\u00e3o, Augustinha acumulou um n\u00famero impressionante de conquistas: <strong>1.020 p\u00f3dios<\/strong>.<\/p>\n\n\n\n<p class=\"wp-block-paragraph\">Ela mesma brinca que a quantidade tem uma explica\u00e7\u00e3o simples.<\/p>\n\n\n\n<p class=\"wp-block-paragraph\">\u201cEu era maluca. Toda corrida que tinha dentro de Salvador eu estava nelas.\u201d<\/p>\n\n\n\n<p class=\"wp-block-paragraph\">Ganhar ou n\u00e3o ganhar nunca foi o \u00fanico objetivo. Para Augustinha, estar na largada, correr e dividir aquele momento com outros atletas sempre foi motivo suficiente para participar.<\/p>\n\n\n\n<p class=\"wp-block-paragraph\">\u201cQue ganhasse ou n\u00e3o, eu queria correr.\u201d<\/p>\n\n\n\n<p class=\"wp-block-paragraph\">Mais recentemente, ela voltou a subir ao p\u00f3dio em uma maratona realizada em Aracaju, conquistando o primeiro lugar na categoria.<\/p>\n\n\n\n<h2 class=\"wp-block-heading\">Cinco ultramaratonas e 180 km sem parar<\/h2>\n\n\n\n<p class=\"wp-block-paragraph\">A experi\u00eancia nas longas dist\u00e2ncias tamb\u00e9m levou Augustinha ao universo das ultramaratonas. Ao todo, s\u00e3o <strong>cinco ultramaratonas<\/strong> em sua trajet\u00f3ria.<\/p>\n\n\n\n<p class=\"wp-block-paragraph\">Entre os desafios mais marcantes est\u00e1 justamente o de 180 quil\u00f4metros corridos sem parar, uma dist\u00e2ncia que exige preparo f\u00edsico e mental para ser completada.<\/p>\n\n\n\n<p class=\"wp-block-paragraph\">Mesmo com tantas conquistas, ela faz quest\u00e3o de deixar claro que sua motiva\u00e7\u00e3o n\u00e3o est\u00e1 em competir contra os outros.<\/p>\n\n\n\n<p class=\"wp-block-paragraph\">\u201cSem querer ganhar de ningu\u00e9m, puxar o tapete de ningu\u00e9m. Eu quero estar na corrida. Quero estar no meio do pessoal.\u201d<\/p>\n\n\n\n<p class=\"wp-block-paragraph\">Para ela, a sensa\u00e7\u00e3o de realiza\u00e7\u00e3o vem justamente da possibilidade de continuar fazendo aquilo que ama.<\/p>\n\n\n\n<p class=\"wp-block-paragraph\">\u201cEu me sinto muito feliz, me sinto realizada.\u201d<\/p>\n\n\n\n<h2 class=\"wp-block-heading\">Corrida como parte da vida<\/h2>\n\n\n\n<p class=\"wp-block-paragraph\">A rotina de Augustinha tamb\u00e9m mostra que a longevidade esportiva n\u00e3o acontece por acaso. Atualmente, ela mant\u00e9m uma combina\u00e7\u00e3o de corrida e muscula\u00e7\u00e3o: s\u00e3o tr\u00eas dias dedicados \u00e0 corrida e outros tr\u00eas \u00e0 academia.<\/p>\n\n\n\n<p class=\"wp-block-paragraph\">Aos 66 anos, o treinamento continua firme, assim como a disposi\u00e7\u00e3o para novos desafios.<\/p>\n\n\n\n<p class=\"wp-block-paragraph\">E se algu\u00e9m que est\u00e1 come\u00e7ando pede um conselho, ela faz uma ressalva: sua pr\u00f3pria hist\u00f3ria n\u00e3o \u00e9 exatamente o exemplo mais convencional. Afinal, ela mesma come\u00e7ou diretamente nos 21 quil\u00f4metros.<\/p>\n\n\n\n<p class=\"wp-block-paragraph\">Para quem est\u00e1 dando os primeiros passos, a recomenda\u00e7\u00e3o \u00e9 come\u00e7ar de forma gradual, com dist\u00e2ncias menores, como 3 ou 5 quil\u00f4metros, e evoluir aos poucos.<\/p>\n\n\n\n<p class=\"wp-block-paragraph\">Mas existe um momento que pode mudar tudo: o primeiro p\u00f3dio.<\/p>\n\n\n\n<p class=\"wp-block-paragraph\">\u201cChegou ao primeiro p\u00f3dio, minha filha, a\u00ed pronto. \u00c9 uma cacha\u00e7a.\u201d<\/p>\n\n\n\n<p class=\"wp-block-paragraph\">A frase resume a rela\u00e7\u00e3o de Augustinha com a corrida. Aos 66 anos, depois de 1.020 p\u00f3dios, cinco ultramaratonas e 180 quil\u00f4metros sem parar, ela ainda n\u00e3o pensa em pendurar o t\u00eanis.<\/p>\n\n\n\n<p class=\"wp-block-paragraph\"><strong>\u201cN\u00e3o pretendo parar t\u00e3o cedo.\u201d<\/strong><\/p>\n\n\n\n<p class=\"wp-block-paragraph\"><\/p>\n","protected":false},"excerpt":{"rendered":"<p>Ultramaratonista come\u00e7ou a correr aos 44 anos, estreou em uma meia maratona sem experi\u00eancia e transformou os desafios em combust\u00edvel para uma\u2026<\/p>\n","protected":false},"author":2,"featured_media":78,"comment_status":"open","ping_status":"open","sticky":false,"template":"","format":"standard","meta":{"footnotes":""},"categories":[4],"tags":[],"class_list":["post-77","post","type-post","status-publish","format-standard","has-post-thumbnail","hentry","category-atletas"],"yoast_head":"<!-- This site is optimized with the Yoast SEO plugin v28.2 - https:\/\/yoast.com\/product\/yoast-seo-wordpress\/ -->\n<title>Aos 66 anos, Augustinha Lopes j\u00e1 correu 180 km sem parar e soma mais de mil p\u00f3dios - Conex\u00e3o Esportiva<\/title>\n<meta name=\"robots\" content=\"index, follow, max-snippet:-1, max-image-preview:large, max-video-preview:-1\" \/>\n<link rel=\"canonical\" href=\"https:\/\/conexaoesportiva.org\/cms\/aos-66-anos-augustinha-lopes-ja-correu-180-km-sem-parar-e-soma-mais-de-mil-podios\/\" \/>\n<meta property=\"og:locale\" content=\"pt_BR\" \/>\n<meta property=\"og:type\" content=\"article\" \/>\n<meta property=\"og:title\" content=\"Aos 66 anos, Augustinha Lopes j\u00e1 correu 180 km sem parar e soma mais de mil p\u00f3dios - Conex\u00e3o Esportiva\" \/>\n<meta property=\"og:description\" content=\"Ultramaratonista come\u00e7ou a correr aos 44 anos, estreou em uma meia maratona sem experi\u00eancia e transformou os desafios em combust\u00edvel para uma\u2026\" \/>\n<meta property=\"og:url\" content=\"https:\/\/conexaoesportiva.org\/cms\/aos-66-anos-augustinha-lopes-ja-correu-180-km-sem-parar-e-soma-mais-de-mil-podios\/\" \/>\n<meta property=\"og:site_name\" content=\"Conex\u00e3o Esportiva\" \/>\n<meta property=\"article:published_time\" content=\"2026-08-26T19:25:43+00:00\" \/>\n<meta property=\"article:modified_time\" content=\"2026-08-26T19:25:44+00:00\" \/>\n<meta property=\"og:image\" content=\"https:\/\/conexaoesportiva.org\/cms\/wp-content\/uploads\/2026\/08\/WhatsApp-Image-2026-08-26-at-16.23.12.jpeg\" \/>\n\t<meta property=\"og:image:width\" content=\"1320\" \/>\n\t<meta property=\"og:image:height\" content=\"947\" \/>\n\t<meta property=\"og:image:type\" content=\"image\/jpeg\" \/>\n<meta name=\"author\" content=\"Mari Dias\" \/>\n<meta name=\"twitter:card\" content=\"summary_large_image\" \/>\n<meta name=\"twitter:label1\" content=\"Escrito por\" \/>\n\t<meta name=\"twitter:data1\" content=\"Mari Dias\" \/>\n\t<meta name=\"twitter:label2\" content=\"Est. tempo de leitura\" \/>\n\t<meta name=\"twitter:data2\" content=\"4 minutos\" \/>\n<script type=\"application\/ld+json\" class=\"yoast-schema-graph\">{\"@context\":\"https:\\\/\\\/schema.org\",\"@graph\":[{\"@type\":\"Article\",\"@id\":\"https:\\\/\\\/conexaoesportiva.org\\\/cms\\\/aos-66-anos-augustinha-lopes-ja-correu-180-km-sem-parar-e-soma-mais-de-mil-podios\\\/#article\",\"isPartOf\":{\"@id\":\"https:\\\/\\\/conexaoesportiva.org\\\/cms\\\/aos-66-anos-augustinha-lopes-ja-correu-180-km-sem-parar-e-soma-mais-de-mil-podios\\\/\"},\"author\":{\"name\":\"Mari Dias\",\"@id\":\"https:\\\/\\\/conexaoesportiva.org\\\/cms\\\/#\\\/schema\\\/person\\\/bc5adab05e4a951930ef9f307d42f670\"},\"headline\":\"Aos 66 anos, Augustinha Lopes j\u00e1 correu 180 km sem parar e soma mais de mil p\u00f3dios\",\"datePublished\":\"2026-08-26T19:25:43+00:00\",\"dateModified\":\"2026-08-26T19:25:44+00:00\",\"mainEntityOfPage\":{\"@id\":\"https:\\\/\\\/conexaoesportiva.org\\\/cms\\\/aos-66-anos-augustinha-lopes-ja-correu-180-km-sem-parar-e-soma-mais-de-mil-podios\\\/\"},\"wordCount\":686,\"commentCount\":0,\"publisher\":{\"@id\":\"https:\\\/\\\/conexaoesportiva.org\\\/cms\\\/#organization\"},\"image\":{\"@id\":\"https:\\\/\\\/conexaoesportiva.org\\\/cms\\\/aos-66-anos-augustinha-lopes-ja-correu-180-km-sem-parar-e-soma-mais-de-mil-podios\\\/#primaryimage\"},\"thumbnailUrl\":\"https:\\\/\\\/conexaoesportiva.org\\\/cms\\\/wp-content\\\/uploads\\\/2026\\\/08\\\/WhatsApp-Image-2026-08-26-at-16.23.12.jpeg\",\"articleSection\":[\"Atletas\"],\"inLanguage\":\"pt-BR\",\"potentialAction\":[{\"@type\":\"CommentAction\",\"name\":\"Comment\",\"target\":[\"https:\\\/\\\/conexaoesportiva.org\\\/cms\\\/aos-66-anos-augustinha-lopes-ja-correu-180-km-sem-parar-e-soma-mais-de-mil-podios\\\/#respond\"]}]},{\"@type\":\"WebPage\",\"@id\":\"https:\\\/\\\/conexaoesportiva.org\\\/cms\\\/aos-66-anos-augustinha-lopes-ja-correu-180-km-sem-parar-e-soma-mais-de-mil-podios\\\/\",\"url\":\"https:\\\/\\\/conexaoesportiva.org\\\/cms\\\/aos-66-anos-augustinha-lopes-ja-correu-180-km-sem-parar-e-soma-mais-de-mil-podios\\\/\",\"name\":\"Aos 66 anos, Augustinha Lopes j\u00e1 correu 180 km sem parar e soma mais de mil p\u00f3dios - Conex\u00e3o Esportiva\",\"isPartOf\":{\"@id\":\"https:\\\/\\\/conexaoesportiva.org\\\/cms\\\/#website\"},\"primaryImageOfPage\":{\"@id\":\"https:\\\/\\\/conexaoesportiva.org\\\/cms\\\/aos-66-anos-augustinha-lopes-ja-correu-180-km-sem-parar-e-soma-mais-de-mil-podios\\\/#primaryimage\"},\"image\":{\"@id\":\"https:\\\/\\\/conexaoesportiva.org\\\/cms\\\/aos-66-anos-augustinha-lopes-ja-correu-180-km-sem-parar-e-soma-mais-de-mil-podios\\\/#primaryimage\"},\"thumbnailUrl\":\"https:\\\/\\\/conexaoesportiva.org\\\/cms\\\/wp-content\\\/uploads\\\/2026\\\/08\\\/WhatsApp-Image-2026-08-26-at-16.23.12.jpeg\",\"datePublished\":\"2026-08-26T19:25:43+00:00\",\"dateModified\":\"2026-08-26T19:25:44+00:00\",\"breadcrumb\":{\"@id\":\"https:\\\/\\\/conexaoesportiva.org\\\/cms\\\/aos-66-anos-augustinha-lopes-ja-correu-180-km-sem-parar-e-soma-mais-de-mil-podios\\\/#breadcrumb\"},\"inLanguage\":\"pt-BR\",\"potentialAction\":[{\"@type\":\"ReadAction\",\"target\":[\"https:\\\/\\\/conexaoesportiva.org\\\/cms\\\/aos-66-anos-augustinha-lopes-ja-correu-180-km-sem-parar-e-soma-mais-de-mil-podios\\\/\"]}]},{\"@type\":\"ImageObject\",\"inLanguage\":\"pt-BR\",\"@id\":\"https:\\\/\\\/conexaoesportiva.org\\\/cms\\\/aos-66-anos-augustinha-lopes-ja-correu-180-km-sem-parar-e-soma-mais-de-mil-podios\\\/#primaryimage\",\"url\":\"https:\\\/\\\/conexaoesportiva.org\\\/cms\\\/wp-content\\\/uploads\\\/2026\\\/08\\\/WhatsApp-Image-2026-08-26-at-16.23.12.jpeg\",\"contentUrl\":\"https:\\\/\\\/conexaoesportiva.org\\\/cms\\\/wp-content\\\/uploads\\\/2026\\\/08\\\/WhatsApp-Image-2026-08-26-at-16.23.12.jpeg\",\"width\":1320,\"height\":947},{\"@type\":\"BreadcrumbList\",\"@id\":\"https:\\\/\\\/conexaoesportiva.org\\\/cms\\\/aos-66-anos-augustinha-lopes-ja-correu-180-km-sem-parar-e-soma-mais-de-mil-podios\\\/#breadcrumb\",\"itemListElement\":[{\"@type\":\"ListItem\",\"position\":1,\"name\":\"In\u00edcio\",\"item\":\"https:\\\/\\\/conexaoesportiva.org\\\/cms\\\/\"},{\"@type\":\"ListItem\",\"position\":2,\"name\":\"Aos 66 anos, Augustinha Lopes j\u00e1 correu 180 km sem parar e soma mais de mil p\u00f3dios\"}]},{\"@type\":\"WebSite\",\"@id\":\"https:\\\/\\\/conexaoesportiva.org\\\/cms\\\/#website\",\"url\":\"https:\\\/\\\/conexaoesportiva.org\\\/cms\\\/\",\"name\":\"Conex\u00e3o Esportiva\",\"description\":\"Hub de comunica\u00e7\u00e3o, experi\u00eancias e neg\u00f3cios no esporte.\",\"publisher\":{\"@id\":\"https:\\\/\\\/conexaoesportiva.org\\\/cms\\\/#organization\"},\"potentialAction\":[{\"@type\":\"SearchAction\",\"target\":{\"@type\":\"EntryPoint\",\"urlTemplate\":\"https:\\\/\\\/conexaoesportiva.org\\\/cms\\\/?s={search_term_string}\"},\"query-input\":{\"@type\":\"PropertyValueSpecification\",\"valueRequired\":true,\"valueName\":\"search_term_string\"}}],\"inLanguage\":\"pt-BR\"},{\"@type\":\"Organization\",\"@id\":\"https:\\\/\\\/conexaoesportiva.org\\\/cms\\\/#organization\",\"name\":\"Conex\u00e3o Esportiva\",\"url\":\"https:\\\/\\\/conexaoesportiva.org\\\/cms\\\/\",\"logo\":{\"@type\":\"ImageObject\",\"inLanguage\":\"pt-BR\",\"@id\":\"https:\\\/\\\/conexaoesportiva.org\\\/cms\\\/#\\\/schema\\\/logo\\\/image\\\/\",\"url\":\"https:\\\/\\\/conexaoesportiva.org\\\/cms\\\/wp-content\\\/uploads\\\/2026\\\/08\\\/logo-conexao-esportiva.png\",\"contentUrl\":\"https:\\\/\\\/conexaoesportiva.org\\\/cms\\\/wp-content\\\/uploads\\\/2026\\\/08\\\/logo-conexao-esportiva.png\",\"width\":2481,\"height\":2481,\"caption\":\"Conex\u00e3o Esportiva\"},\"image\":{\"@id\":\"https:\\\/\\\/conexaoesportiva.org\\\/cms\\\/#\\\/schema\\\/logo\\\/image\\\/\"}},{\"@type\":\"Person\",\"@id\":\"https:\\\/\\\/conexaoesportiva.org\\\/cms\\\/#\\\/schema\\\/person\\\/bc5adab05e4a951930ef9f307d42f670\",\"name\":\"Mari Dias\",\"image\":{\"@type\":\"ImageObject\",\"inLanguage\":\"pt-BR\",\"@id\":\"https:\\\/\\\/secure.gravatar.com\\\/avatar\\\/45345599d8ce311e67647ee957e80397e89d30b3497d4cc0d838125bb0e3a1b7?s=96&d=mm&r=g\",\"url\":\"https:\\\/\\\/secure.gravatar.com\\\/avatar\\\/45345599d8ce311e67647ee957e80397e89d30b3497d4cc0d838125bb0e3a1b7?s=96&d=mm&r=g\",\"contentUrl\":\"https:\\\/\\\/secure.gravatar.com\\\/avatar\\\/45345599d8ce311e67647ee957e80397e89d30b3497d4cc0d838125bb0e3a1b7?s=96&d=mm&r=g\",\"caption\":\"Mari Dias\"},\"url\":\"https:\\\/\\\/conexaoesportiva.org\\\/cms\\\/author\\\/mari\\\/\"}]}<\/script>\n<!-- \/ Yoast SEO plugin. -->","yoast_head_json":{"title":"Aos 66 anos, Augustinha Lopes j\u00e1 correu 180 km sem parar e soma mais de mil p\u00f3dios - Conex\u00e3o Esportiva","robots":{"index":"index","follow":"follow","max-snippet":"max-snippet:-1","max-image-preview":"max-image-preview:large","max-video-preview":"max-video-preview:-1"},"canonical":"https:\/\/conexaoesportiva.org\/cms\/aos-66-anos-augustinha-lopes-ja-correu-180-km-sem-parar-e-soma-mais-de-mil-podios\/","og_locale":"pt_BR","og_type":"article","og_title":"Aos 66 anos, Augustinha Lopes j\u00e1 correu 180 km sem parar e soma mais de mil p\u00f3dios - Conex\u00e3o Esportiva","og_description":"Ultramaratonista come\u00e7ou a correr aos 44 anos, estreou em uma meia maratona sem experi\u00eancia e transformou os desafios em combust\u00edvel para uma\u2026","og_url":"https:\/\/conexaoesportiva.org\/cms\/aos-66-anos-augustinha-lopes-ja-correu-180-km-sem-parar-e-soma-mais-de-mil-podios\/","og_site_name":"Conex\u00e3o Esportiva","article_published_time":"2026-08-26T19:25:43+00:00","article_modified_time":"2026-08-26T19:25:44+00:00","og_image":[{"width":1320,"height":947,"url":"https:\/\/conexaoesportiva.org\/cms\/wp-content\/uploads\/2026\/08\/WhatsApp-Image-2026-08-26-at-16.23.12.jpeg","type":"image\/jpeg"}],"author":"Mari Dias","twitter_card":"summary_large_image","twitter_misc":{"Escrito por":"Mari Dias","Est. tempo de leitura":"4 minutos"},"schema":{"@context":"https:\/\/schema.org","@graph":[{"@type":"Article","@id":"https:\/\/conexaoesportiva.org\/cms\/aos-66-anos-augustinha-lopes-ja-correu-180-km-sem-parar-e-soma-mais-de-mil-podios\/#article","isPartOf":{"@id":"https:\/\/conexaoesportiva.org\/cms\/aos-66-anos-augustinha-lopes-ja-correu-180-km-sem-parar-e-soma-mais-de-mil-podios\/"},"author":{"name":"Mari Dias","@id":"https:\/\/conexaoesportiva.org\/cms\/#\/schema\/person\/bc5adab05e4a951930ef9f307d42f670"},"headline":"Aos 66 anos, Augustinha Lopes j\u00e1 correu 180 km sem parar e soma mais de mil p\u00f3dios","datePublished":"2026-08-26T19:25:43+00:00","dateModified":"2026-08-26T19:25:44+00:00","mainEntityOfPage":{"@id":"https:\/\/conexaoesportiva.org\/cms\/aos-66-anos-augustinha-lopes-ja-correu-180-km-sem-parar-e-soma-mais-de-mil-podios\/"},"wordCount":686,"commentCount":0,"publisher":{"@id":"https:\/\/conexaoesportiva.org\/cms\/#organization"},"image":{"@id":"https:\/\/conexaoesportiva.org\/cms\/aos-66-anos-augustinha-lopes-ja-correu-180-km-sem-parar-e-soma-mais-de-mil-podios\/#primaryimage"},"thumbnailUrl":"https:\/\/conexaoesportiva.org\/cms\/wp-content\/uploads\/2026\/08\/WhatsApp-Image-2026-08-26-at-16.23.12.jpeg","articleSection":["Atletas"],"inLanguage":"pt-BR","potentialAction":[{"@type":"CommentAction","name":"Comment","target":["https:\/\/conexaoesportiva.org\/cms\/aos-66-anos-augustinha-lopes-ja-correu-180-km-sem-parar-e-soma-mais-de-mil-podios\/#respond"]}]},{"@type":"WebPage","@id":"https:\/\/conexaoesportiva.org\/cms\/aos-66-anos-augustinha-lopes-ja-correu-180-km-sem-parar-e-soma-mais-de-mil-podios\/","url":"https:\/\/conexaoesportiva.org\/cms\/aos-66-anos-augustinha-lopes-ja-correu-180-km-sem-parar-e-soma-mais-de-mil-podios\/","name":"Aos 66 anos, Augustinha Lopes j\u00e1 correu 180 km sem parar e soma mais de mil p\u00f3dios - Conex\u00e3o Esportiva","isPartOf":{"@id":"https:\/\/conexaoesportiva.org\/cms\/#website"},"primaryImageOfPage":{"@id":"https:\/\/conexaoesportiva.org\/cms\/aos-66-anos-augustinha-lopes-ja-correu-180-km-sem-parar-e-soma-mais-de-mil-podios\/#primaryimage"},"image":{"@id":"https:\/\/conexaoesportiva.org\/cms\/aos-66-anos-augustinha-lopes-ja-correu-180-km-sem-parar-e-soma-mais-de-mil-podios\/#primaryimage"},"thumbnailUrl":"https:\/\/conexaoesportiva.org\/cms\/wp-content\/uploads\/2026\/08\/WhatsApp-Image-2026-08-26-at-16.23.12.jpeg","datePublished":"2026-08-26T19:25:43+00:00","dateModified":"2026-08-26T19:25:44+00:00","breadcrumb":{"@id":"https:\/\/conexaoesportiva.org\/cms\/aos-66-anos-augustinha-lopes-ja-correu-180-km-sem-parar-e-soma-mais-de-mil-podios\/#breadcrumb"},"inLanguage":"pt-BR","potentialAction":[{"@type":"ReadAction","target":["https:\/\/conexaoesportiva.org\/cms\/aos-66-anos-augustinha-lopes-ja-correu-180-km-sem-parar-e-soma-mais-de-mil-podios\/"]}]},{"@type":"ImageObject","inLanguage":"pt-BR","@id":"https:\/\/conexaoesportiva.org\/cms\/aos-66-anos-augustinha-lopes-ja-correu-180-km-sem-parar-e-soma-mais-de-mil-podios\/#primaryimage","url":"https:\/\/conexaoesportiva.org\/cms\/wp-content\/uploads\/2026\/08\/WhatsApp-Image-2026-08-26-at-16.23.12.jpeg","contentUrl":"https:\/\/conexaoesportiva.org\/cms\/wp-content\/uploads\/2026\/08\/WhatsApp-Image-2026-08-26-at-16.23.12.jpeg","width":1320,"height":947},{"@type":"BreadcrumbList","@id":"https:\/\/conexaoesportiva.org\/cms\/aos-66-anos-augustinha-lopes-ja-correu-180-km-sem-parar-e-soma-mais-de-mil-podios\/#breadcrumb","itemListElement":[{"@type":"ListItem","position":1,"name":"In\u00edcio","item":"https:\/\/conexaoesportiva.org\/cms\/"},{"@type":"ListItem","position":2,"name":"Aos 66 anos, Augustinha Lopes j\u00e1 correu 180 km sem parar e soma mais de mil p\u00f3dios"}]},{"@type":"WebSite","@id":"https:\/\/conexaoesportiva.org\/cms\/#website","url":"https:\/\/conexaoesportiva.org\/cms\/","name":"Conex\u00e3o Esportiva","description":"Hub de comunica\u00e7\u00e3o, experi\u00eancias e neg\u00f3cios no esporte.","publisher":{"@id":"https:\/\/conexaoesportiva.org\/cms\/#organization"},"potentialAction":[{"@type":"SearchAction","target":{"@type":"EntryPoint","urlTemplate":"https:\/\/conexaoesportiva.org\/cms\/?s={search_term_string}"},"query-input":{"@type":"PropertyValueSpecification","valueRequired":true,"valueName":"search_term_string"}}],"inLanguage":"pt-BR"},{"@type":"Organization","@id":"https:\/\/conexaoesportiva.org\/cms\/#organization","name":"Conex\u00e3o Esportiva","url":"https:\/\/conexaoesportiva.org\/cms\/","logo":{"@type":"ImageObject","inLanguage":"pt-BR","@id":"https:\/\/conexaoesportiva.org\/cms\/#\/schema\/logo\/image\/","url":"https:\/\/conexaoesportiva.org\/cms\/wp-content\/uploads\/2026\/08\/logo-conexao-esportiva.png","contentUrl":"https:\/\/conexaoesportiva.org\/cms\/wp-content\/uploads\/2026\/08\/logo-conexao-esportiva.png","width":2481,"height":2481,"caption":"Conex\u00e3o Esportiva"},"image":{"@id":"https:\/\/conexaoesportiva.org\/cms\/#\/schema\/logo\/image\/"}},{"@type":"Person","@id":"https:\/\/conexaoesportiva.org\/cms\/#\/schema\/person\/bc5adab05e4a951930ef9f307d42f670","name":"Mari Dias","image":{"@type":"ImageObject","inLanguage":"pt-BR","@id":"https:\/\/secure.gravatar.com\/avatar\/45345599d8ce311e67647ee957e80397e89d30b3497d4cc0d838125bb0e3a1b7?s=96&d=mm&r=g","url":"https:\/\/secure.gravatar.com\/avatar\/45345599d8ce311e67647ee957e80397e89d30b3497d4cc0d838125bb0e3a1b7?s=96&d=mm&r=g","contentUrl":"https:\/\/secure.gravatar.com\/avatar\/45345599d8ce311e67647ee957e80397e89d30b3497d4cc0d838125bb0e3a1b7?s=96&d=mm&r=g","caption":"Mari Dias"},"url":"https:\/\/conexaoesportiva.org\/cms\/author\/mari\/"}]}},"_links":{"self":[{"href":"https:\/\/conexaoesportiva.org\/cms\/wp-json\/wp\/v2\/posts\/77","targetHints":{"allow":["GET"]}}],"collection":[{"href":"https:\/\/conexaoesportiva.org\/cms\/wp-json\/wp\/v2\/posts"}],"about":[{"href":"https:\/\/conexaoesportiva.org\/cms\/wp-json\/wp\/v2\/types\/post"}],"author":[{"embeddable":true,"href":"https:\/\/conexaoesportiva.org\/cms\/wp-json\/wp\/v2\/users\/2"}],"replies":[{"embeddable":true,"href":"https:\/\/conexaoesportiva.org\/cms\/wp-json\/wp\/v2\/comments?post=77"}],"version-history":[{"count":1,"href":"https:\/\/conexaoesportiva.org\/cms\/wp-json\/wp\/v2\/posts\/77\/revisions"}],"predecessor-version":[{"id":79,"href":"https:\/\/conexaoesportiva.org\/cms\/wp-json\/wp\/v2\/posts\/77\/revisions\/79"}],"wp:featuredmedia":[{"embeddable":true,"href":"https:\/\/conexaoesportiva.org\/cms\/wp-json\/wp\/v2\/media\/78"}],"wp:attachment":[{"href":"https:\/\/conexaoesportiva.org\/cms\/wp-json\/wp\/v2\/media?parent=77"}],"wp:term":[{"taxonomy":"category","embeddable":true,"href":"https:\/\/conexaoesportiva.org\/cms\/wp-json\/wp\/v2\/categories?post=77"},{"taxonomy":"post_tag","embeddable":true,"href":"https:\/\/conexaoesportiva.org\/cms\/wp-json\/wp\/v2\/tags?post=77"}],"curies":[{"name":"wp","href":"https:\/\/api.w.org\/{rel}","templated":true}]}}