{"id":80,"date":"2026-08-26T16:59:46","date_gmt":"2026-08-26T19:59:46","guid":{"rendered":"https:\/\/conexaoesportiva.org\/cms\/?p=80"},"modified":"2026-08-26T17:06:57","modified_gmt":"2026-08-26T20:06:57","slug":"do-boxe-ao-surfski-bruno-machado-ajudou-a-transformar-o-porto-da-barra-em-polo-de-esportes-oceanicos","status":"publish","type":"post","link":"https:\/\/conexaoesportiva.org\/cms\/do-boxe-ao-surfski-bruno-machado-ajudou-a-transformar-o-porto-da-barra-em-polo-de-esportes-oceanicos\/","title":{"rendered":"Do boxe ao surfski: Bruno Machado ajudou a transformar o Porto da Barra em polo de esportes oce\u00e2nicos"},"content":{"rendered":"\n<p class=\"wp-block-paragraph\"><em>Professor e atleta iniciou sua trajet\u00f3ria no boxe h\u00e1 mais de 30 anos e, posteriormente, passou a fomentar os esportes oce\u00e2nicos, levando competi\u00e7\u00f5es nacionais e internacionais para Salvador<\/em><\/p>\n\n\n\n<p class=\"wp-block-paragraph\"><\/p>\n\n\n\n<p class=\"wp-block-paragraph\">O Porto da Barra, um dos cen\u00e1rios mais conhecidos de Salvador, tamb\u00e9m se tornou palco de uma hist\u00f3ria de dedica\u00e7\u00e3o ao esporte. H\u00e1 cerca de 30 anos, Bruno Machado iniciou no local uma trajet\u00f3ria que come\u00e7ou no boxe e, posteriormente, ganhou as \u00e1guas da Ba\u00eda de Todos os Santos.<\/p>\n\n\n\n<p class=\"wp-block-paragraph\">Segundo Bruno, ele foi respons\u00e1vel por trazer uma das primeiras iniciativas esportivas para o Porto da Barra, com a cria\u00e7\u00e3o da <strong>Academia Boxe Elite<\/strong>.<\/p>\n\n\n\n<p class=\"wp-block-paragraph\">\u201cEu fui o precursor em trazer a primeira iniciativa de esporte aqui no Porto da Barra, que foi a Academia Boxe Elite\u201d, conta.<\/p>\n\n\n\n<p class=\"wp-block-paragraph\">A proposta era aproximar o boxe de pessoas que n\u00e3o necessariamente tinham interesse em competir, mas queriam conhecer a modalidade e seus benef\u00edcios.<\/p>\n\n\n\n<p class=\"wp-block-paragraph\">\u201cFoi um grupo de boxe que a gente trouxe, proporcionando boxe para o p\u00fablico que n\u00e3o queria lutar, mas queria aprender a nobre arte.\u201d<\/p>\n\n\n\n<p class=\"wp-block-paragraph\">Foi nesse per\u00edodo que Bruno tamb\u00e9m come\u00e7ou sua caminhada como professor. Como atleta, ele havia iniciado no boxe em 1992, mas foi no Porto da Barra que passou a atuar como educador.<\/p>\n\n\n\n<h2 class=\"wp-block-heading\">Boxe como ferramenta de autoconfian\u00e7a<\/h2>\n\n\n\n<p class=\"wp-block-paragraph\">Mais do que ensinar golpes e t\u00e9cnicas, Bruno tinha um objetivo claro com o trabalho desenvolvido: fortalecer a autoconfian\u00e7a dos praticantes.<\/p>\n\n\n\n<p class=\"wp-block-paragraph\">Para ele, o boxe \u00e9 uma das modalidades mais eficientes para desenvolver essa caracter\u00edstica.<\/p>\n\n\n\n<p class=\"wp-block-paragraph\">\u201cO foco do trabalho era proporcionar autoconfian\u00e7a dos praticantes. E qual \u00e9 a melhor modalidade que existe na face da Terra para fortalecer a autoconfian\u00e7a da pessoa? O boxe.\u201d<\/p>\n\n\n\n<p class=\"wp-block-paragraph\">A experi\u00eancia acumulada ao longo dos anos acabou abrindo caminho para uma nova fase de sua trajet\u00f3ria.<\/p>\n\n\n\n<h2 class=\"wp-block-heading\">Das luvas para o oceano<\/h2>\n\n\n\n<p class=\"wp-block-paragraph\">Em 2010, Bruno come\u00e7ou a praticar stand up paddle. Apenas um ano depois, j\u00e1 estava participando de competi\u00e7\u00f5es.<\/p>\n\n\n\n<p class=\"wp-block-paragraph\">A rela\u00e7\u00e3o com os esportes oce\u00e2nicos cresceu rapidamente e, em 2012, veio um novo passo importante: a funda\u00e7\u00e3o da primeira guardaria de esportes oce\u00e2nicos a remo da Bahia, voltada \u00e0 pr\u00e1tica e ao desenvolvimento dessas modalidades.<\/p>\n\n\n\n<p class=\"wp-block-paragraph\">O espa\u00e7o, localizado atualmente na regi\u00e3o onde funciona a Galeria Viv\u00e1, no Porto da Barra, passou a fomentar especialmente o <strong>surfski<\/strong>, modalidade de canoagem oce\u00e2nica praticada em embarca\u00e7\u00f5es individuais.<\/p>\n\n\n\n<p class=\"wp-block-paragraph\">A partir da\u00ed, Bruno passou a dedicar cada vez mais energia \u00e0 modalidade.<\/p>\n\n\n\n<h2 class=\"wp-block-heading\">Campe\u00e3o brasileiro e fomentador do surfski<\/h2>\n\n\n\n<p class=\"wp-block-paragraph\">Bruno come\u00e7ou a competir no surfski em 2017, justamente quando Salvador recebeu uma etapa do <strong>Aloha Spirit<\/strong>, um dos principais festivais de esportes aqu\u00e1ticos da Am\u00e9rica Latina.<\/p>\n\n\n\n<p class=\"wp-block-paragraph\">No ano seguinte, veio uma das maiores conquistas de sua carreira esportiva: o t\u00edtulo de campe\u00e3o brasileiro de surfski, al\u00e9m de vit\u00f3rias em competi\u00e7\u00f5es realizadas em Salvador.<\/p>\n\n\n\n<p class=\"wp-block-paragraph\">Mas, a partir de 2019, Bruno decidiu direcionar sua energia principalmente para o desenvolvimento do esporte na Bahia.<\/p>\n\n\n\n<p class=\"wp-block-paragraph\">\u201cEu senti uma grande necessidade de focar minha energia na fomenta\u00e7\u00e3o mesmo da escola.\u201d<\/p>\n\n\n\n<p class=\"wp-block-paragraph\">O trabalho trouxe resultados expressivos. Entre eles, a realiza\u00e7\u00e3o em Salvador do <strong>primeiro Pan-Americano de surfski<\/strong>, al\u00e9m de uma etapa do Campeonato Brasileiro da modalidade.<\/p>\n\n\n\n<p class=\"wp-block-paragraph\">Segundo Bruno, o evento reuniu mais de 200 pessoas na raia, fortalecendo Salvador como um dos pontos importantes para o desenvolvimento do esporte.<\/p>\n\n\n\n<p class=\"wp-block-paragraph\">\u201cDe l\u00e1 para c\u00e1, o meu tempo \u00e9 destinado somente \u00e0 fomenta\u00e7\u00e3o dessa modalidade incr\u00edvel aqui na Bahia de Todos os Santos.\u201d<\/p>\n\n\n\n<h2 class=\"wp-block-heading\">Esporte, turismo e experi\u00eancias no mar<\/h2>\n\n\n\n<p class=\"wp-block-paragraph\">Al\u00e9m das competi\u00e7\u00f5es e do trabalho de forma\u00e7\u00e3o de atletas, os esportes oce\u00e2nicos tamb\u00e9m passaram a funcionar como uma experi\u00eancia tur\u00edstica em Salvador.<\/p>\n\n\n\n<p class=\"wp-block-paragraph\">Entre as atividades oferecidas est\u00e3o os passeios de stand up paddle ao amanhecer e ao p\u00f4r do sol.<\/p>\n\n\n\n<p class=\"wp-block-paragraph\">De acordo com Bruno, cerca de 80% do p\u00fablico dessas experi\u00eancias \u00e9 formado por turistas.<\/p>\n\n\n\n<p class=\"wp-block-paragraph\">\u201cImagina s\u00f3, voc\u00ea vindo para Salvador e ter essa oportunidade de vivenciar uma experi\u00eancia \u00fanica aqui, que \u00e9 sair daqui da Galeria Viv\u00e1 e apreciar o p\u00f4r do sol mais lindo da nossa cidade.\u201d<\/p>\n\n\n\n<p class=\"wp-block-paragraph\">Para quem visita a capital baiana, ele recomenda a experi\u00eancia tanto no in\u00edcio quanto no final do dia.<\/p>\n\n\n\n<p class=\"wp-block-paragraph\">\u201cPara come\u00e7ar o dia bem e terminar melhor ainda.\u201d<\/p>\n\n\n\n<p class=\"wp-block-paragraph\">Entre o boxe, o stand up paddle e o surfski, Bruno Machado construiu uma trajet\u00f3ria ligada ao esporte e ao desenvolvimento de novas experi\u00eancias no Porto da Barra. Mais do que praticar modalidades, seu trabalho tem como foco criar oportunidades para que outras pessoas tamb\u00e9m descubram o esporte e a rela\u00e7\u00e3o com o mar.<\/p>\n","protected":false},"excerpt":{"rendered":"<p>Professor e atleta iniciou sua trajet\u00f3ria no boxe h\u00e1 mais de 30 anos e, posteriormente, passou a fomentar os esportes oce\u00e2nicos, levando\u2026<\/p>\n","protected":false},"author":2,"featured_media":81,"comment_status":"open","ping_status":"open","sticky":false,"template":"","format":"standard","meta":{"footnotes":""},"categories":[4,1],"tags":[],"class_list":["post-80","post","type-post","status-publish","format-standard","has-post-thumbnail","hentry","category-atletas","category-sem-categoria"],"yoast_head":"<!-- This site is optimized with the Yoast SEO plugin v28.2 - https:\/\/yoast.com\/product\/yoast-seo-wordpress\/ -->\n<title>Do boxe ao surfski: Bruno Machado ajudou a transformar o Porto da Barra em polo de esportes oce\u00e2nicos - Conex\u00e3o Esportiva<\/title>\n<meta name=\"robots\" content=\"index, follow, max-snippet:-1, max-image-preview:large, max-video-preview:-1\" \/>\n<link rel=\"canonical\" href=\"https:\/\/conexaoesportiva.org\/cms\/do-boxe-ao-surfski-bruno-machado-ajudou-a-transformar-o-porto-da-barra-em-polo-de-esportes-oceanicos\/\" \/>\n<meta property=\"og:locale\" content=\"pt_BR\" \/>\n<meta property=\"og:type\" content=\"article\" \/>\n<meta property=\"og:title\" content=\"Do boxe ao surfski: Bruno Machado ajudou a transformar o Porto da Barra em polo de esportes oce\u00e2nicos - Conex\u00e3o Esportiva\" \/>\n<meta property=\"og:description\" content=\"Professor e atleta iniciou sua trajet\u00f3ria no boxe h\u00e1 mais de 30 anos e, posteriormente, passou a fomentar os esportes oce\u00e2nicos, levando\u2026\" \/>\n<meta property=\"og:url\" content=\"https:\/\/conexaoesportiva.org\/cms\/do-boxe-ao-surfski-bruno-machado-ajudou-a-transformar-o-porto-da-barra-em-polo-de-esportes-oceanicos\/\" \/>\n<meta property=\"og:site_name\" content=\"Conex\u00e3o Esportiva\" \/>\n<meta property=\"article:published_time\" content=\"2026-08-26T19:59:46+00:00\" \/>\n<meta property=\"article:modified_time\" content=\"2026-08-26T20:06:57+00:00\" \/>\n<meta property=\"og:image\" content=\"https:\/\/conexaoesportiva.org\/cms\/wp-content\/uploads\/2026\/08\/WhatsApp-Image-2026-08-26-at-16.58.48.jpeg\" \/>\n\t<meta property=\"og:image:width\" content=\"1108\" \/>\n\t<meta property=\"og:image:height\" content=\"731\" \/>\n\t<meta property=\"og:image:type\" content=\"image\/jpeg\" \/>\n<meta name=\"author\" content=\"Mari Dias\" \/>\n<meta name=\"twitter:card\" content=\"summary_large_image\" \/>\n<meta name=\"twitter:label1\" content=\"Escrito por\" \/>\n\t<meta name=\"twitter:data1\" content=\"Mari Dias\" \/>\n\t<meta name=\"twitter:label2\" content=\"Est. tempo de leitura\" \/>\n\t<meta name=\"twitter:data2\" content=\"5 minutos\" \/>\n<script type=\"application\/ld+json\" class=\"yoast-schema-graph\">{\"@context\":\"https:\\\/\\\/schema.org\",\"@graph\":[{\"@type\":\"Article\",\"@id\":\"https:\\\/\\\/conexaoesportiva.org\\\/cms\\\/do-boxe-ao-surfski-bruno-machado-ajudou-a-transformar-o-porto-da-barra-em-polo-de-esportes-oceanicos\\\/#article\",\"isPartOf\":{\"@id\":\"https:\\\/\\\/conexaoesportiva.org\\\/cms\\\/do-boxe-ao-surfski-bruno-machado-ajudou-a-transformar-o-porto-da-barra-em-polo-de-esportes-oceanicos\\\/\"},\"author\":{\"name\":\"Mari Dias\",\"@id\":\"https:\\\/\\\/conexaoesportiva.org\\\/cms\\\/#\\\/schema\\\/person\\\/bc5adab05e4a951930ef9f307d42f670\"},\"headline\":\"Do boxe ao surfski: Bruno Machado ajudou a transformar o Porto da Barra em polo de esportes oce\u00e2nicos\",\"datePublished\":\"2026-08-26T19:59:46+00:00\",\"dateModified\":\"2026-08-26T20:06:57+00:00\",\"mainEntityOfPage\":{\"@id\":\"https:\\\/\\\/conexaoesportiva.org\\\/cms\\\/do-boxe-ao-surfski-bruno-machado-ajudou-a-transformar-o-porto-da-barra-em-polo-de-esportes-oceanicos\\\/\"},\"wordCount\":804,\"commentCount\":0,\"publisher\":{\"@id\":\"https:\\\/\\\/conexaoesportiva.org\\\/cms\\\/#organization\"},\"image\":{\"@id\":\"https:\\\/\\\/conexaoesportiva.org\\\/cms\\\/do-boxe-ao-surfski-bruno-machado-ajudou-a-transformar-o-porto-da-barra-em-polo-de-esportes-oceanicos\\\/#primaryimage\"},\"thumbnailUrl\":\"https:\\\/\\\/conexaoesportiva.org\\\/cms\\\/wp-content\\\/uploads\\\/2026\\\/08\\\/WhatsApp-Image-2026-08-26-at-16.58.48.jpeg\",\"articleSection\":[\"Atletas\"],\"inLanguage\":\"pt-BR\",\"potentialAction\":[{\"@type\":\"CommentAction\",\"name\":\"Comment\",\"target\":[\"https:\\\/\\\/conexaoesportiva.org\\\/cms\\\/do-boxe-ao-surfski-bruno-machado-ajudou-a-transformar-o-porto-da-barra-em-polo-de-esportes-oceanicos\\\/#respond\"]}]},{\"@type\":\"WebPage\",\"@id\":\"https:\\\/\\\/conexaoesportiva.org\\\/cms\\\/do-boxe-ao-surfski-bruno-machado-ajudou-a-transformar-o-porto-da-barra-em-polo-de-esportes-oceanicos\\\/\",\"url\":\"https:\\\/\\\/conexaoesportiva.org\\\/cms\\\/do-boxe-ao-surfski-bruno-machado-ajudou-a-transformar-o-porto-da-barra-em-polo-de-esportes-oceanicos\\\/\",\"name\":\"Do boxe ao surfski: Bruno Machado ajudou a transformar o Porto da Barra em polo de esportes oce\u00e2nicos - Conex\u00e3o Esportiva\",\"isPartOf\":{\"@id\":\"https:\\\/\\\/conexaoesportiva.org\\\/cms\\\/#website\"},\"primaryImageOfPage\":{\"@id\":\"https:\\\/\\\/conexaoesportiva.org\\\/cms\\\/do-boxe-ao-surfski-bruno-machado-ajudou-a-transformar-o-porto-da-barra-em-polo-de-esportes-oceanicos\\\/#primaryimage\"},\"image\":{\"@id\":\"https:\\\/\\\/conexaoesportiva.org\\\/cms\\\/do-boxe-ao-surfski-bruno-machado-ajudou-a-transformar-o-porto-da-barra-em-polo-de-esportes-oceanicos\\\/#primaryimage\"},\"thumbnailUrl\":\"https:\\\/\\\/conexaoesportiva.org\\\/cms\\\/wp-content\\\/uploads\\\/2026\\\/08\\\/WhatsApp-Image-2026-08-26-at-16.58.48.jpeg\",\"datePublished\":\"2026-08-26T19:59:46+00:00\",\"dateModified\":\"2026-08-26T20:06:57+00:00\",\"breadcrumb\":{\"@id\":\"https:\\\/\\\/conexaoesportiva.org\\\/cms\\\/do-boxe-ao-surfski-bruno-machado-ajudou-a-transformar-o-porto-da-barra-em-polo-de-esportes-oceanicos\\\/#breadcrumb\"},\"inLanguage\":\"pt-BR\",\"potentialAction\":[{\"@type\":\"ReadAction\",\"target\":[\"https:\\\/\\\/conexaoesportiva.org\\\/cms\\\/do-boxe-ao-surfski-bruno-machado-ajudou-a-transformar-o-porto-da-barra-em-polo-de-esportes-oceanicos\\\/\"]}]},{\"@type\":\"ImageObject\",\"inLanguage\":\"pt-BR\",\"@id\":\"https:\\\/\\\/conexaoesportiva.org\\\/cms\\\/do-boxe-ao-surfski-bruno-machado-ajudou-a-transformar-o-porto-da-barra-em-polo-de-esportes-oceanicos\\\/#primaryimage\",\"url\":\"https:\\\/\\\/conexaoesportiva.org\\\/cms\\\/wp-content\\\/uploads\\\/2026\\\/08\\\/WhatsApp-Image-2026-08-26-at-16.58.48.jpeg\",\"contentUrl\":\"https:\\\/\\\/conexaoesportiva.org\\\/cms\\\/wp-content\\\/uploads\\\/2026\\\/08\\\/WhatsApp-Image-2026-08-26-at-16.58.48.jpeg\",\"width\":1108,\"height\":731},{\"@type\":\"BreadcrumbList\",\"@id\":\"https:\\\/\\\/conexaoesportiva.org\\\/cms\\\/do-boxe-ao-surfski-bruno-machado-ajudou-a-transformar-o-porto-da-barra-em-polo-de-esportes-oceanicos\\\/#breadcrumb\",\"itemListElement\":[{\"@type\":\"ListItem\",\"position\":1,\"name\":\"In\u00edcio\",\"item\":\"https:\\\/\\\/conexaoesportiva.org\\\/cms\\\/\"},{\"@type\":\"ListItem\",\"position\":2,\"name\":\"Do boxe ao surfski: Bruno Machado ajudou a transformar o Porto da Barra em polo de esportes oce\u00e2nicos\"}]},{\"@type\":\"WebSite\",\"@id\":\"https:\\\/\\\/conexaoesportiva.org\\\/cms\\\/#website\",\"url\":\"https:\\\/\\\/conexaoesportiva.org\\\/cms\\\/\",\"name\":\"Conex\u00e3o Esportiva\",\"description\":\"Hub de comunica\u00e7\u00e3o, experi\u00eancias e neg\u00f3cios no esporte.\",\"publisher\":{\"@id\":\"https:\\\/\\\/conexaoesportiva.org\\\/cms\\\/#organization\"},\"potentialAction\":[{\"@type\":\"SearchAction\",\"target\":{\"@type\":\"EntryPoint\",\"urlTemplate\":\"https:\\\/\\\/conexaoesportiva.org\\\/cms\\\/?s={search_term_string}\"},\"query-input\":{\"@type\":\"PropertyValueSpecification\",\"valueRequired\":true,\"valueName\":\"search_term_string\"}}],\"inLanguage\":\"pt-BR\"},{\"@type\":\"Organization\",\"@id\":\"https:\\\/\\\/conexaoesportiva.org\\\/cms\\\/#organization\",\"name\":\"Conex\u00e3o Esportiva\",\"url\":\"https:\\\/\\\/conexaoesportiva.org\\\/cms\\\/\",\"logo\":{\"@type\":\"ImageObject\",\"inLanguage\":\"pt-BR\",\"@id\":\"https:\\\/\\\/conexaoesportiva.org\\\/cms\\\/#\\\/schema\\\/logo\\\/image\\\/\",\"url\":\"https:\\\/\\\/conexaoesportiva.org\\\/cms\\\/wp-content\\\/uploads\\\/2026\\\/08\\\/logo-conexao-esportiva.png\",\"contentUrl\":\"https:\\\/\\\/conexaoesportiva.org\\\/cms\\\/wp-content\\\/uploads\\\/2026\\\/08\\\/logo-conexao-esportiva.png\",\"width\":2481,\"height\":2481,\"caption\":\"Conex\u00e3o Esportiva\"},\"image\":{\"@id\":\"https:\\\/\\\/conexaoesportiva.org\\\/cms\\\/#\\\/schema\\\/logo\\\/image\\\/\"}},{\"@type\":\"Person\",\"@id\":\"https:\\\/\\\/conexaoesportiva.org\\\/cms\\\/#\\\/schema\\\/person\\\/bc5adab05e4a951930ef9f307d42f670\",\"name\":\"Mari Dias\",\"image\":{\"@type\":\"ImageObject\",\"inLanguage\":\"pt-BR\",\"@id\":\"https:\\\/\\\/secure.gravatar.com\\\/avatar\\\/45345599d8ce311e67647ee957e80397e89d30b3497d4cc0d838125bb0e3a1b7?s=96&d=mm&r=g\",\"url\":\"https:\\\/\\\/secure.gravatar.com\\\/avatar\\\/45345599d8ce311e67647ee957e80397e89d30b3497d4cc0d838125bb0e3a1b7?s=96&d=mm&r=g\",\"contentUrl\":\"https:\\\/\\\/secure.gravatar.com\\\/avatar\\\/45345599d8ce311e67647ee957e80397e89d30b3497d4cc0d838125bb0e3a1b7?s=96&d=mm&r=g\",\"caption\":\"Mari Dias\"},\"url\":\"https:\\\/\\\/conexaoesportiva.org\\\/cms\\\/author\\\/mari\\\/\"}]}<\/script>\n<!-- \/ Yoast SEO plugin. -->","yoast_head_json":{"title":"Do boxe ao surfski: Bruno Machado ajudou a transformar o Porto da Barra em polo de esportes oce\u00e2nicos - Conex\u00e3o Esportiva","robots":{"index":"index","follow":"follow","max-snippet":"max-snippet:-1","max-image-preview":"max-image-preview:large","max-video-preview":"max-video-preview:-1"},"canonical":"https:\/\/conexaoesportiva.org\/cms\/do-boxe-ao-surfski-bruno-machado-ajudou-a-transformar-o-porto-da-barra-em-polo-de-esportes-oceanicos\/","og_locale":"pt_BR","og_type":"article","og_title":"Do boxe ao surfski: Bruno Machado ajudou a transformar o Porto da Barra em polo de esportes oce\u00e2nicos - Conex\u00e3o Esportiva","og_description":"Professor e atleta iniciou sua trajet\u00f3ria no boxe h\u00e1 mais de 30 anos e, posteriormente, passou a fomentar os esportes oce\u00e2nicos, levando\u2026","og_url":"https:\/\/conexaoesportiva.org\/cms\/do-boxe-ao-surfski-bruno-machado-ajudou-a-transformar-o-porto-da-barra-em-polo-de-esportes-oceanicos\/","og_site_name":"Conex\u00e3o Esportiva","article_published_time":"2026-08-26T19:59:46+00:00","article_modified_time":"2026-08-26T20:06:57+00:00","og_image":[{"width":1108,"height":731,"url":"https:\/\/conexaoesportiva.org\/cms\/wp-content\/uploads\/2026\/08\/WhatsApp-Image-2026-08-26-at-16.58.48.jpeg","type":"image\/jpeg"}],"author":"Mari Dias","twitter_card":"summary_large_image","twitter_misc":{"Escrito por":"Mari Dias","Est. tempo de leitura":"5 minutos"},"schema":{"@context":"https:\/\/schema.org","@graph":[{"@type":"Article","@id":"https:\/\/conexaoesportiva.org\/cms\/do-boxe-ao-surfski-bruno-machado-ajudou-a-transformar-o-porto-da-barra-em-polo-de-esportes-oceanicos\/#article","isPartOf":{"@id":"https:\/\/conexaoesportiva.org\/cms\/do-boxe-ao-surfski-bruno-machado-ajudou-a-transformar-o-porto-da-barra-em-polo-de-esportes-oceanicos\/"},"author":{"name":"Mari Dias","@id":"https:\/\/conexaoesportiva.org\/cms\/#\/schema\/person\/bc5adab05e4a951930ef9f307d42f670"},"headline":"Do boxe ao surfski: Bruno Machado ajudou a transformar o Porto da Barra em polo de esportes oce\u00e2nicos","datePublished":"2026-08-26T19:59:46+00:00","dateModified":"2026-08-26T20:06:57+00:00","mainEntityOfPage":{"@id":"https:\/\/conexaoesportiva.org\/cms\/do-boxe-ao-surfski-bruno-machado-ajudou-a-transformar-o-porto-da-barra-em-polo-de-esportes-oceanicos\/"},"wordCount":804,"commentCount":0,"publisher":{"@id":"https:\/\/conexaoesportiva.org\/cms\/#organization"},"image":{"@id":"https:\/\/conexaoesportiva.org\/cms\/do-boxe-ao-surfski-bruno-machado-ajudou-a-transformar-o-porto-da-barra-em-polo-de-esportes-oceanicos\/#primaryimage"},"thumbnailUrl":"https:\/\/conexaoesportiva.org\/cms\/wp-content\/uploads\/2026\/08\/WhatsApp-Image-2026-08-26-at-16.58.48.jpeg","articleSection":["Atletas"],"inLanguage":"pt-BR","potentialAction":[{"@type":"CommentAction","name":"Comment","target":["https:\/\/conexaoesportiva.org\/cms\/do-boxe-ao-surfski-bruno-machado-ajudou-a-transformar-o-porto-da-barra-em-polo-de-esportes-oceanicos\/#respond"]}]},{"@type":"WebPage","@id":"https:\/\/conexaoesportiva.org\/cms\/do-boxe-ao-surfski-bruno-machado-ajudou-a-transformar-o-porto-da-barra-em-polo-de-esportes-oceanicos\/","url":"https:\/\/conexaoesportiva.org\/cms\/do-boxe-ao-surfski-bruno-machado-ajudou-a-transformar-o-porto-da-barra-em-polo-de-esportes-oceanicos\/","name":"Do boxe ao surfski: Bruno Machado ajudou a transformar o Porto da Barra em polo de esportes oce\u00e2nicos - Conex\u00e3o Esportiva","isPartOf":{"@id":"https:\/\/conexaoesportiva.org\/cms\/#website"},"primaryImageOfPage":{"@id":"https:\/\/conexaoesportiva.org\/cms\/do-boxe-ao-surfski-bruno-machado-ajudou-a-transformar-o-porto-da-barra-em-polo-de-esportes-oceanicos\/#primaryimage"},"image":{"@id":"https:\/\/conexaoesportiva.org\/cms\/do-boxe-ao-surfski-bruno-machado-ajudou-a-transformar-o-porto-da-barra-em-polo-de-esportes-oceanicos\/#primaryimage"},"thumbnailUrl":"https:\/\/conexaoesportiva.org\/cms\/wp-content\/uploads\/2026\/08\/WhatsApp-Image-2026-08-26-at-16.58.48.jpeg","datePublished":"2026-08-26T19:59:46+00:00","dateModified":"2026-08-26T20:06:57+00:00","breadcrumb":{"@id":"https:\/\/conexaoesportiva.org\/cms\/do-boxe-ao-surfski-bruno-machado-ajudou-a-transformar-o-porto-da-barra-em-polo-de-esportes-oceanicos\/#breadcrumb"},"inLanguage":"pt-BR","potentialAction":[{"@type":"ReadAction","target":["https:\/\/conexaoesportiva.org\/cms\/do-boxe-ao-surfski-bruno-machado-ajudou-a-transformar-o-porto-da-barra-em-polo-de-esportes-oceanicos\/"]}]},{"@type":"ImageObject","inLanguage":"pt-BR","@id":"https:\/\/conexaoesportiva.org\/cms\/do-boxe-ao-surfski-bruno-machado-ajudou-a-transformar-o-porto-da-barra-em-polo-de-esportes-oceanicos\/#primaryimage","url":"https:\/\/conexaoesportiva.org\/cms\/wp-content\/uploads\/2026\/08\/WhatsApp-Image-2026-08-26-at-16.58.48.jpeg","contentUrl":"https:\/\/conexaoesportiva.org\/cms\/wp-content\/uploads\/2026\/08\/WhatsApp-Image-2026-08-26-at-16.58.48.jpeg","width":1108,"height":731},{"@type":"BreadcrumbList","@id":"https:\/\/conexaoesportiva.org\/cms\/do-boxe-ao-surfski-bruno-machado-ajudou-a-transformar-o-porto-da-barra-em-polo-de-esportes-oceanicos\/#breadcrumb","itemListElement":[{"@type":"ListItem","position":1,"name":"In\u00edcio","item":"https:\/\/conexaoesportiva.org\/cms\/"},{"@type":"ListItem","position":2,"name":"Do boxe ao surfski: Bruno Machado ajudou a transformar o Porto da Barra em polo de esportes oce\u00e2nicos"}]},{"@type":"WebSite","@id":"https:\/\/conexaoesportiva.org\/cms\/#website","url":"https:\/\/conexaoesportiva.org\/cms\/","name":"Conex\u00e3o Esportiva","description":"Hub de comunica\u00e7\u00e3o, experi\u00eancias e neg\u00f3cios no esporte.","publisher":{"@id":"https:\/\/conexaoesportiva.org\/cms\/#organization"},"potentialAction":[{"@type":"SearchAction","target":{"@type":"EntryPoint","urlTemplate":"https:\/\/conexaoesportiva.org\/cms\/?s={search_term_string}"},"query-input":{"@type":"PropertyValueSpecification","valueRequired":true,"valueName":"search_term_string"}}],"inLanguage":"pt-BR"},{"@type":"Organization","@id":"https:\/\/conexaoesportiva.org\/cms\/#organization","name":"Conex\u00e3o Esportiva","url":"https:\/\/conexaoesportiva.org\/cms\/","logo":{"@type":"ImageObject","inLanguage":"pt-BR","@id":"https:\/\/conexaoesportiva.org\/cms\/#\/schema\/logo\/image\/","url":"https:\/\/conexaoesportiva.org\/cms\/wp-content\/uploads\/2026\/08\/logo-conexao-esportiva.png","contentUrl":"https:\/\/conexaoesportiva.org\/cms\/wp-content\/uploads\/2026\/08\/logo-conexao-esportiva.png","width":2481,"height":2481,"caption":"Conex\u00e3o Esportiva"},"image":{"@id":"https:\/\/conexaoesportiva.org\/cms\/#\/schema\/logo\/image\/"}},{"@type":"Person","@id":"https:\/\/conexaoesportiva.org\/cms\/#\/schema\/person\/bc5adab05e4a951930ef9f307d42f670","name":"Mari Dias","image":{"@type":"ImageObject","inLanguage":"pt-BR","@id":"https:\/\/secure.gravatar.com\/avatar\/45345599d8ce311e67647ee957e80397e89d30b3497d4cc0d838125bb0e3a1b7?s=96&d=mm&r=g","url":"https:\/\/secure.gravatar.com\/avatar\/45345599d8ce311e67647ee957e80397e89d30b3497d4cc0d838125bb0e3a1b7?s=96&d=mm&r=g","contentUrl":"https:\/\/secure.gravatar.com\/avatar\/45345599d8ce311e67647ee957e80397e89d30b3497d4cc0d838125bb0e3a1b7?s=96&d=mm&r=g","caption":"Mari Dias"},"url":"https:\/\/conexaoesportiva.org\/cms\/author\/mari\/"}]}},"_links":{"self":[{"href":"https:\/\/conexaoesportiva.org\/cms\/wp-json\/wp\/v2\/posts\/80","targetHints":{"allow":["GET"]}}],"collection":[{"href":"https:\/\/conexaoesportiva.org\/cms\/wp-json\/wp\/v2\/posts"}],"about":[{"href":"https:\/\/conexaoesportiva.org\/cms\/wp-json\/wp\/v2\/types\/post"}],"author":[{"embeddable":true,"href":"https:\/\/conexaoesportiva.org\/cms\/wp-json\/wp\/v2\/users\/2"}],"replies":[{"embeddable":true,"href":"https:\/\/conexaoesportiva.org\/cms\/wp-json\/wp\/v2\/comments?post=80"}],"version-history":[{"count":1,"href":"https:\/\/conexaoesportiva.org\/cms\/wp-json\/wp\/v2\/posts\/80\/revisions"}],"predecessor-version":[{"id":82,"href":"https:\/\/conexaoesportiva.org\/cms\/wp-json\/wp\/v2\/posts\/80\/revisions\/82"}],"wp:featuredmedia":[{"embeddable":true,"href":"https:\/\/conexaoesportiva.org\/cms\/wp-json\/wp\/v2\/media\/81"}],"wp:attachment":[{"href":"https:\/\/conexaoesportiva.org\/cms\/wp-json\/wp\/v2\/media?parent=80"}],"wp:term":[{"taxonomy":"category","embeddable":true,"href":"https:\/\/conexaoesportiva.org\/cms\/wp-json\/wp\/v2\/categories?post=80"},{"taxonomy":"post_tag","embeddable":true,"href":"https:\/\/conexaoesportiva.org\/cms\/wp-json\/wp\/v2\/tags?post=80"}],"curies":[{"name":"wp","href":"https:\/\/api.w.org\/{rel}","templated":true}]}}