{"id":84,"date":"2026-08-27T10:58:21","date_gmt":"2026-08-27T13:58:21","guid":{"rendered":"https:\/\/conexaoesportiva.org\/cms\/?p=84"},"modified":"2026-08-27T13:17:21","modified_gmt":"2026-08-27T16:17:21","slug":"aos-23-anos-baiano-samuel-sanches-chega-ao-ufc-apos-nocaute-marcante-no-dana-white-contender-series","status":"publish","type":"post","link":"https:\/\/conexaoesportiva.org\/cms\/aos-23-anos-baiano-samuel-sanches-chega-ao-ufc-apos-nocaute-marcante-no-dana-white-contender-series\/","title":{"rendered":"Aos 23 anos, baiano Samuel Sanches chega ao UFC ap\u00f3s nocaute marcante no Dana White Contender Series"},"content":{"rendered":"\n<p class=\"wp-block-paragraph\">Atleta de MMA superou dificuldades, les\u00e3o e o medo para conquistar espa\u00e7o no principal palco do esporte e agora se prepara para realizar o sonho da estreia no UFC<\/p>\n\n\n\n<p class=\"wp-block-paragraph\"><\/p>\n\n\n\n<p class=\"wp-block-paragraph\">Aos 23 anos, Samuel Sanches vive um momento que, durante muito tempo, parecia distante. O baiano, que come\u00e7ou a ter contato com o MMA aos 16 anos, atravessou dificuldades, les\u00f5es e momentos de d\u00favida at\u00e9 conquistar uma vaga no UFC.<\/p>\n\n\n\n<p class=\"wp-block-paragraph\">O momento decisivo aconteceu em <strong>9 de setembro de 2025<\/strong>, quando Samuel participou do <strong>Dana White\u2019s Contender Series<\/strong>, programa que funciona como uma das principais portas de entrada para atletas que buscam um contrato com o UFC.<\/p>\n\n\n\n<p class=\"wp-block-paragraph\">Na ocasi\u00e3o, o baiano venceu por nocaute no primeiro round, em uma atua\u00e7\u00e3o que chamou a aten\u00e7\u00e3o pela intensidade e pela forma como encerrou o combate. O desempenho foi considerado um dos nocautes mais brutais da organiza\u00e7\u00e3o.<\/p>\n\n\n\n<p class=\"wp-block-paragraph\">\u201cQuando fui chamado para o Dana White Contender Series, muito jovem, cabe\u00e7a ainda muito nova, fiquei naquele medo\u201d, relembra.<\/p>\n\n\n\n<p class=\"wp-block-paragraph\">O medo, por\u00e9m, n\u00e3o impediu Samuel de fazer aquilo para o qual havia treinado durante anos.<\/p>\n\n\n\n<p class=\"wp-block-paragraph\">\u201cVoc\u00ea trabalha duro, voc\u00ea s\u00f3 vai fazer o que voc\u00ea treinou.\u201d<\/p>\n\n\n\n<h2 class=\"wp-block-heading\">Da inseguran\u00e7a \u00e0 realiza\u00e7\u00e3o de um sonho<\/h2>\n\n\n\n<p class=\"wp-block-paragraph\">A chegada ao UFC representa o resultado de uma trajet\u00f3ria constru\u00edda com trabalho e perseveran\u00e7a. Samuel conta que enfrentou muitas dificuldades ao longo do caminho, mas escolheu permanecer firme.<\/p>\n\n\n\n<p class=\"wp-block-paragraph\">\u201cEu mantive minha f\u00e9, acreditei no trabalho do meu mestre, acreditei na minha fam\u00edlia, que sempre falavam que era certo, e mantive.\u201d<\/p>\n\n\n\n<p class=\"wp-block-paragraph\">A rotina para chegar ao alto n\u00edvel tamb\u00e9m est\u00e1 longe de ser simples. Os treinos acontecem todos os dias, com uma jornada que come\u00e7a cedo e termina tarde.<\/p>\n\n\n\n<p class=\"wp-block-paragraph\">Para Samuel, n\u00e3o existe atalho para alcan\u00e7ar um bom resultado.<\/p>\n\n\n\n<p class=\"wp-block-paragraph\">\u201cTreinando cedo, saindo tarde, mas para ter um bom resultado a gente tem que trabalhar.\u201d<\/p>\n\n\n\n<p class=\"wp-block-paragraph\">Foi justamente essa prepara\u00e7\u00e3o que ele levou para o Contender Series. Diante da dimens\u00e3o do evento e sabendo que aquela poderia ser a luta que mudaria sua vida, o atleta manteve a concentra\u00e7\u00e3o.<\/p>\n\n\n\n<p class=\"wp-block-paragraph\">\u201cEu sabia a magnitude do evento. Era o divisor de \u00e1guas da minha vida.\u201d<\/p>\n\n\n\n<p class=\"wp-block-paragraph\">Respeito ao advers\u00e1rio, seriedade e muito treinamento fizeram parte da prepara\u00e7\u00e3o. No fim, Samuel colocou em pr\u00e1tica tudo o que havia constru\u00eddo nos treinos e garantiu a vit\u00f3ria.<\/p>\n\n\n\n<h2 class=\"wp-block-heading\">O garoto que evitava brigas<\/h2>\n\n\n\n<p class=\"wp-block-paragraph\">A hist\u00f3ria de Samuel ganha ainda mais significado quando ele lembra de como era antes de conhecer as artes marciais.<\/p>\n\n\n\n<p class=\"wp-block-paragraph\">Segundo o atleta, ele sempre foi considerado um garoto tranquilo e chegou a evitar situa\u00e7\u00f5es de confronto. Criado pela av\u00f3, conta que recebeu uma educa\u00e7\u00e3o baseada no respeito.<\/p>\n\n\n\n<p class=\"wp-block-paragraph\">\u201cEu sempre fui medroso. Acho que foi pela cria\u00e7\u00e3o que eu tive da minha av\u00f3. Menino de av\u00f3.\u201d<\/p>\n\n\n\n<p class=\"wp-block-paragraph\">O MMA, entretanto, despertou uma caracter\u00edstica que ele j\u00e1 sentia existir dentro de si.<\/p>\n\n\n\n<p class=\"wp-block-paragraph\">\u201cEu sempre tive aquele respeito, mas sempre tive a vontade de fazer, aquela vontade de brigar dentro de mim, como se tivesse um le\u00e3o dentro do meu cora\u00e7\u00e3o e ele estivesse faminto, pronto para ca\u00e7ar.\u201d<\/p>\n\n\n\n<p class=\"wp-block-paragraph\">A transforma\u00e7\u00e3o foi al\u00e9m do aspecto f\u00edsico. Para Samuel, o esporte mudou completamente sua vida.<\/p>\n\n\n\n<p class=\"wp-block-paragraph\">\u201cO esporte para mim \u00e9 tudo. Mudou a minha vida.\u201d<\/p>\n\n\n\n<h2 class=\"wp-block-heading\">Fam\u00edlia e equipe no centro dos sonhos<\/h2>\n\n\n\n<p class=\"wp-block-paragraph\">Apesar de ter como objetivo construir seu nome no MMA e deixar um legado no esporte, Samuel afirma que seus maiores sonhos v\u00e3o muito al\u00e9m das conquistas individuais.<\/p>\n\n\n\n<p class=\"wp-block-paragraph\">Ele quer proporcionar uma vida melhor para as pessoas que estiveram ao seu lado desde o in\u00edcio, especialmente sua fam\u00edlia e seus mestres.<\/p>\n\n\n\n<p class=\"wp-block-paragraph\">\u201cAl\u00e9m de deixar meu legado na luta, \u00e9 poder dar uma vida melhor \u00e0 minha equipe, os mestres que merecem e, com certeza, \u00e0 minha fam\u00edlia.\u201d<\/p>\n\n\n\n<p class=\"wp-block-paragraph\">A rela\u00e7\u00e3o com a fam\u00edlia ganhou ainda mais for\u00e7a durante momentos dif\u00edceis, como quando sofreu uma les\u00e3o no bra\u00e7o.<\/p>\n\n\n\n<p class=\"wp-block-paragraph\">\u201cQuando eu tive essa les\u00e3o no bra\u00e7o, foi minha fam\u00edlia que ficou firme comigo. Foi eles que acreditaram, at\u00e9 mesmo mais do que eu.\u201d<\/p>\n\n\n\n<p class=\"wp-block-paragraph\">Por isso, quando pensa no futuro, Samuel n\u00e3o se imagina conquistando sozinho.<\/p>\n\n\n\n<p class=\"wp-block-paragraph\">\u201cEu quero que eles estejam aqui, minha fam\u00edlia, minha equipe e eu aqui.\u201d<\/p>\n\n\n\n<h2 class=\"wp-block-heading\">\u201cDa Bahia para o mundo\u201d<\/h2>\n\n\n\n<p class=\"wp-block-paragraph\">Agora, o pr\u00f3ximo passo \u00e9 a estreia oficial no UFC. Depois de conquistar seu espa\u00e7o na organiza\u00e7\u00e3o, Samuel sabe que novos desafios vir\u00e3o, mas mant\u00e9m a mesma combina\u00e7\u00e3o que o trouxe at\u00e9 aqui: f\u00e9, disciplina e dedica\u00e7\u00e3o.<\/p>\n\n\n\n<p class=\"wp-block-paragraph\">E para quem acompanha sua hist\u00f3ria e tamb\u00e9m sonha em chegar ao alto n\u00edvel no esporte, ele deixa um recado baseado na pr\u00f3pria experi\u00eancia.<\/p>\n\n\n\n<p class=\"wp-block-paragraph\">\u201cTodo mundo vai chegar com negatividade, isso \u00e9 normal, faz parte da vida, da caminhada de qualquer pessoa.\u201d<\/p>\n\n\n\n<p class=\"wp-block-paragraph\">A recomenda\u00e7\u00e3o \u00e9 n\u00e3o abandonar o pr\u00f3prio sonho por causa das d\u00favidas ou da opini\u00e3o de outras pessoas.<\/p>\n\n\n\n<p class=\"wp-block-paragraph\">\u201cMas se voc\u00ea tem um sonho, voc\u00ea pode sonhar, voc\u00ea pode realizar.\u201d<\/p>\n\n\n\n<p class=\"wp-block-paragraph\">Samuel lembra que tamb\u00e9m j\u00e1 assistiu a atletas do UFC pela televis\u00e3o e se perguntou se um dia chegaria \u00e0quele lugar.<\/p>\n\n\n\n<p class=\"wp-block-paragraph\">\u201cJ\u00e1 passei diversas vezes na minha vida vendo caras na televis\u00e3o, dentro do UFC, e falava assim: \u2018Poxa, ser\u00e1 que eu vou chegar?\u2019\u201d<\/p>\n\n\n\n<p class=\"wp-block-paragraph\">Hoje, aos 23 anos, a resposta est\u00e1 dada.<\/p>\n\n\n\n<p class=\"wp-block-paragraph\"><strong>\u201cEstamos a\u00ed, n\u00e9? Chegamos.\u201d<\/strong><\/p>\n\n\n\n<p class=\"wp-block-paragraph\">Da Bahia para o mundo, Samuel Sanches agora se prepara para escrever o pr\u00f3ximo cap\u00edtulo da carreira no oct\u00f3gono do UFC.<\/p>\n","protected":false},"excerpt":{"rendered":"<p>Atleta de MMA superou dificuldades, les\u00e3o e o medo para conquistar espa\u00e7o no principal palco do esporte e agora se prepara para\u2026<\/p>\n","protected":false},"author":2,"featured_media":85,"comment_status":"open","ping_status":"open","sticky":false,"template":"","format":"standard","meta":{"footnotes":""},"categories":[2],"tags":[],"class_list":["post-84","post","type-post","status-publish","format-standard","has-post-thumbnail","hentry","category-noticias"],"yoast_head":"<!-- This site is optimized with the Yoast SEO plugin v28.2 - https:\/\/yoast.com\/product\/yoast-seo-wordpress\/ -->\n<title>Aos 23 anos, baiano Samuel Sanches chega ao UFC ap\u00f3s nocaute marcante no Dana White Contender Series - Conex\u00e3o Esportiva<\/title>\n<meta name=\"robots\" content=\"index, follow, max-snippet:-1, max-image-preview:large, max-video-preview:-1\" \/>\n<link rel=\"canonical\" href=\"https:\/\/conexaoesportiva.org\/cms\/aos-23-anos-baiano-samuel-sanches-chega-ao-ufc-apos-nocaute-marcante-no-dana-white-contender-series\/\" \/>\n<meta property=\"og:locale\" content=\"pt_BR\" \/>\n<meta property=\"og:type\" content=\"article\" \/>\n<meta property=\"og:title\" content=\"Aos 23 anos, baiano Samuel Sanches chega ao UFC ap\u00f3s nocaute marcante no Dana White Contender Series - Conex\u00e3o Esportiva\" \/>\n<meta property=\"og:description\" content=\"Atleta de MMA superou dificuldades, les\u00e3o e o medo para conquistar espa\u00e7o no principal palco do esporte e agora se prepara para\u2026\" \/>\n<meta property=\"og:url\" content=\"https:\/\/conexaoesportiva.org\/cms\/aos-23-anos-baiano-samuel-sanches-chega-ao-ufc-apos-nocaute-marcante-no-dana-white-contender-series\/\" \/>\n<meta property=\"og:site_name\" content=\"Conex\u00e3o Esportiva\" \/>\n<meta property=\"article:published_time\" content=\"2026-08-27T13:58:21+00:00\" \/>\n<meta property=\"article:modified_time\" content=\"2026-08-27T16:17:21+00:00\" \/>\n<meta property=\"og:image\" content=\"https:\/\/conexaoesportiva.org\/cms\/wp-content\/uploads\/2026\/08\/WhatsApp-Image-2026-08-27-at-10.53.43.jpeg\" \/>\n\t<meta property=\"og:image:width\" content=\"1320\" \/>\n\t<meta property=\"og:image:height\" content=\"971\" \/>\n\t<meta property=\"og:image:type\" content=\"image\/jpeg\" \/>\n<meta name=\"author\" content=\"Mari Dias\" \/>\n<meta name=\"twitter:card\" content=\"summary_large_image\" \/>\n<meta name=\"twitter:label1\" content=\"Escrito por\" \/>\n\t<meta name=\"twitter:data1\" content=\"Mari Dias\" \/>\n\t<meta name=\"twitter:label2\" content=\"Est. tempo de leitura\" \/>\n\t<meta name=\"twitter:data2\" content=\"5 minutos\" \/>\n<script type=\"application\/ld+json\" class=\"yoast-schema-graph\">{\"@context\":\"https:\\\/\\\/schema.org\",\"@graph\":[{\"@type\":\"Article\",\"@id\":\"https:\\\/\\\/conexaoesportiva.org\\\/cms\\\/aos-23-anos-baiano-samuel-sanches-chega-ao-ufc-apos-nocaute-marcante-no-dana-white-contender-series\\\/#article\",\"isPartOf\":{\"@id\":\"https:\\\/\\\/conexaoesportiva.org\\\/cms\\\/aos-23-anos-baiano-samuel-sanches-chega-ao-ufc-apos-nocaute-marcante-no-dana-white-contender-series\\\/\"},\"author\":{\"name\":\"Mari Dias\",\"@id\":\"https:\\\/\\\/conexaoesportiva.org\\\/cms\\\/#\\\/schema\\\/person\\\/bc5adab05e4a951930ef9f307d42f670\"},\"headline\":\"Aos 23 anos, baiano Samuel Sanches chega ao UFC ap\u00f3s nocaute marcante no Dana White Contender Series\",\"datePublished\":\"2026-08-27T13:58:21+00:00\",\"dateModified\":\"2026-08-27T16:17:21+00:00\",\"mainEntityOfPage\":{\"@id\":\"https:\\\/\\\/conexaoesportiva.org\\\/cms\\\/aos-23-anos-baiano-samuel-sanches-chega-ao-ufc-apos-nocaute-marcante-no-dana-white-contender-series\\\/\"},\"wordCount\":951,\"commentCount\":0,\"publisher\":{\"@id\":\"https:\\\/\\\/conexaoesportiva.org\\\/cms\\\/#organization\"},\"image\":{\"@id\":\"https:\\\/\\\/conexaoesportiva.org\\\/cms\\\/aos-23-anos-baiano-samuel-sanches-chega-ao-ufc-apos-nocaute-marcante-no-dana-white-contender-series\\\/#primaryimage\"},\"thumbnailUrl\":\"https:\\\/\\\/conexaoesportiva.org\\\/cms\\\/wp-content\\\/uploads\\\/2026\\\/08\\\/WhatsApp-Image-2026-08-27-at-10.53.43.jpeg\",\"articleSection\":[\"Not\u00edcias\"],\"inLanguage\":\"pt-BR\",\"potentialAction\":[{\"@type\":\"CommentAction\",\"name\":\"Comment\",\"target\":[\"https:\\\/\\\/conexaoesportiva.org\\\/cms\\\/aos-23-anos-baiano-samuel-sanches-chega-ao-ufc-apos-nocaute-marcante-no-dana-white-contender-series\\\/#respond\"]}]},{\"@type\":\"WebPage\",\"@id\":\"https:\\\/\\\/conexaoesportiva.org\\\/cms\\\/aos-23-anos-baiano-samuel-sanches-chega-ao-ufc-apos-nocaute-marcante-no-dana-white-contender-series\\\/\",\"url\":\"https:\\\/\\\/conexaoesportiva.org\\\/cms\\\/aos-23-anos-baiano-samuel-sanches-chega-ao-ufc-apos-nocaute-marcante-no-dana-white-contender-series\\\/\",\"name\":\"Aos 23 anos, baiano Samuel Sanches chega ao UFC ap\u00f3s nocaute marcante no Dana White Contender Series - Conex\u00e3o Esportiva\",\"isPartOf\":{\"@id\":\"https:\\\/\\\/conexaoesportiva.org\\\/cms\\\/#website\"},\"primaryImageOfPage\":{\"@id\":\"https:\\\/\\\/conexaoesportiva.org\\\/cms\\\/aos-23-anos-baiano-samuel-sanches-chega-ao-ufc-apos-nocaute-marcante-no-dana-white-contender-series\\\/#primaryimage\"},\"image\":{\"@id\":\"https:\\\/\\\/conexaoesportiva.org\\\/cms\\\/aos-23-anos-baiano-samuel-sanches-chega-ao-ufc-apos-nocaute-marcante-no-dana-white-contender-series\\\/#primaryimage\"},\"thumbnailUrl\":\"https:\\\/\\\/conexaoesportiva.org\\\/cms\\\/wp-content\\\/uploads\\\/2026\\\/08\\\/WhatsApp-Image-2026-08-27-at-10.53.43.jpeg\",\"datePublished\":\"2026-08-27T13:58:21+00:00\",\"dateModified\":\"2026-08-27T16:17:21+00:00\",\"breadcrumb\":{\"@id\":\"https:\\\/\\\/conexaoesportiva.org\\\/cms\\\/aos-23-anos-baiano-samuel-sanches-chega-ao-ufc-apos-nocaute-marcante-no-dana-white-contender-series\\\/#breadcrumb\"},\"inLanguage\":\"pt-BR\",\"potentialAction\":[{\"@type\":\"ReadAction\",\"target\":[\"https:\\\/\\\/conexaoesportiva.org\\\/cms\\\/aos-23-anos-baiano-samuel-sanches-chega-ao-ufc-apos-nocaute-marcante-no-dana-white-contender-series\\\/\"]}]},{\"@type\":\"ImageObject\",\"inLanguage\":\"pt-BR\",\"@id\":\"https:\\\/\\\/conexaoesportiva.org\\\/cms\\\/aos-23-anos-baiano-samuel-sanches-chega-ao-ufc-apos-nocaute-marcante-no-dana-white-contender-series\\\/#primaryimage\",\"url\":\"https:\\\/\\\/conexaoesportiva.org\\\/cms\\\/wp-content\\\/uploads\\\/2026\\\/08\\\/WhatsApp-Image-2026-08-27-at-10.53.43.jpeg\",\"contentUrl\":\"https:\\\/\\\/conexaoesportiva.org\\\/cms\\\/wp-content\\\/uploads\\\/2026\\\/08\\\/WhatsApp-Image-2026-08-27-at-10.53.43.jpeg\",\"width\":1320,\"height\":971},{\"@type\":\"BreadcrumbList\",\"@id\":\"https:\\\/\\\/conexaoesportiva.org\\\/cms\\\/aos-23-anos-baiano-samuel-sanches-chega-ao-ufc-apos-nocaute-marcante-no-dana-white-contender-series\\\/#breadcrumb\",\"itemListElement\":[{\"@type\":\"ListItem\",\"position\":1,\"name\":\"In\u00edcio\",\"item\":\"https:\\\/\\\/conexaoesportiva.org\\\/cms\\\/\"},{\"@type\":\"ListItem\",\"position\":2,\"name\":\"Aos 23 anos, baiano Samuel Sanches chega ao UFC ap\u00f3s nocaute marcante no Dana White Contender Series\"}]},{\"@type\":\"WebSite\",\"@id\":\"https:\\\/\\\/conexaoesportiva.org\\\/cms\\\/#website\",\"url\":\"https:\\\/\\\/conexaoesportiva.org\\\/cms\\\/\",\"name\":\"Conex\u00e3o Esportiva\",\"description\":\"Hub de comunica\u00e7\u00e3o, experi\u00eancias e neg\u00f3cios no esporte.\",\"publisher\":{\"@id\":\"https:\\\/\\\/conexaoesportiva.org\\\/cms\\\/#organization\"},\"potentialAction\":[{\"@type\":\"SearchAction\",\"target\":{\"@type\":\"EntryPoint\",\"urlTemplate\":\"https:\\\/\\\/conexaoesportiva.org\\\/cms\\\/?s={search_term_string}\"},\"query-input\":{\"@type\":\"PropertyValueSpecification\",\"valueRequired\":true,\"valueName\":\"search_term_string\"}}],\"inLanguage\":\"pt-BR\"},{\"@type\":\"Organization\",\"@id\":\"https:\\\/\\\/conexaoesportiva.org\\\/cms\\\/#organization\",\"name\":\"Conex\u00e3o Esportiva\",\"url\":\"https:\\\/\\\/conexaoesportiva.org\\\/cms\\\/\",\"logo\":{\"@type\":\"ImageObject\",\"inLanguage\":\"pt-BR\",\"@id\":\"https:\\\/\\\/conexaoesportiva.org\\\/cms\\\/#\\\/schema\\\/logo\\\/image\\\/\",\"url\":\"https:\\\/\\\/conexaoesportiva.org\\\/cms\\\/wp-content\\\/uploads\\\/2026\\\/08\\\/logo-conexao-esportiva.png\",\"contentUrl\":\"https:\\\/\\\/conexaoesportiva.org\\\/cms\\\/wp-content\\\/uploads\\\/2026\\\/08\\\/logo-conexao-esportiva.png\",\"width\":2481,\"height\":2481,\"caption\":\"Conex\u00e3o Esportiva\"},\"image\":{\"@id\":\"https:\\\/\\\/conexaoesportiva.org\\\/cms\\\/#\\\/schema\\\/logo\\\/image\\\/\"}},{\"@type\":\"Person\",\"@id\":\"https:\\\/\\\/conexaoesportiva.org\\\/cms\\\/#\\\/schema\\\/person\\\/bc5adab05e4a951930ef9f307d42f670\",\"name\":\"Mari Dias\",\"image\":{\"@type\":\"ImageObject\",\"inLanguage\":\"pt-BR\",\"@id\":\"https:\\\/\\\/secure.gravatar.com\\\/avatar\\\/45345599d8ce311e67647ee957e80397e89d30b3497d4cc0d838125bb0e3a1b7?s=96&d=mm&r=g\",\"url\":\"https:\\\/\\\/secure.gravatar.com\\\/avatar\\\/45345599d8ce311e67647ee957e80397e89d30b3497d4cc0d838125bb0e3a1b7?s=96&d=mm&r=g\",\"contentUrl\":\"https:\\\/\\\/secure.gravatar.com\\\/avatar\\\/45345599d8ce311e67647ee957e80397e89d30b3497d4cc0d838125bb0e3a1b7?s=96&d=mm&r=g\",\"caption\":\"Mari Dias\"},\"url\":\"https:\\\/\\\/conexaoesportiva.org\\\/cms\\\/author\\\/mari\\\/\"}]}<\/script>\n<!-- \/ Yoast SEO plugin. -->","yoast_head_json":{"title":"Aos 23 anos, baiano Samuel Sanches chega ao UFC ap\u00f3s nocaute marcante no Dana White Contender Series - Conex\u00e3o Esportiva","robots":{"index":"index","follow":"follow","max-snippet":"max-snippet:-1","max-image-preview":"max-image-preview:large","max-video-preview":"max-video-preview:-1"},"canonical":"https:\/\/conexaoesportiva.org\/cms\/aos-23-anos-baiano-samuel-sanches-chega-ao-ufc-apos-nocaute-marcante-no-dana-white-contender-series\/","og_locale":"pt_BR","og_type":"article","og_title":"Aos 23 anos, baiano Samuel Sanches chega ao UFC ap\u00f3s nocaute marcante no Dana White Contender Series - Conex\u00e3o Esportiva","og_description":"Atleta de MMA superou dificuldades, les\u00e3o e o medo para conquistar espa\u00e7o no principal palco do esporte e agora se prepara para\u2026","og_url":"https:\/\/conexaoesportiva.org\/cms\/aos-23-anos-baiano-samuel-sanches-chega-ao-ufc-apos-nocaute-marcante-no-dana-white-contender-series\/","og_site_name":"Conex\u00e3o Esportiva","article_published_time":"2026-08-27T13:58:21+00:00","article_modified_time":"2026-08-27T16:17:21+00:00","og_image":[{"width":1320,"height":971,"url":"https:\/\/conexaoesportiva.org\/cms\/wp-content\/uploads\/2026\/08\/WhatsApp-Image-2026-08-27-at-10.53.43.jpeg","type":"image\/jpeg"}],"author":"Mari Dias","twitter_card":"summary_large_image","twitter_misc":{"Escrito por":"Mari Dias","Est. tempo de leitura":"5 minutos"},"schema":{"@context":"https:\/\/schema.org","@graph":[{"@type":"Article","@id":"https:\/\/conexaoesportiva.org\/cms\/aos-23-anos-baiano-samuel-sanches-chega-ao-ufc-apos-nocaute-marcante-no-dana-white-contender-series\/#article","isPartOf":{"@id":"https:\/\/conexaoesportiva.org\/cms\/aos-23-anos-baiano-samuel-sanches-chega-ao-ufc-apos-nocaute-marcante-no-dana-white-contender-series\/"},"author":{"name":"Mari Dias","@id":"https:\/\/conexaoesportiva.org\/cms\/#\/schema\/person\/bc5adab05e4a951930ef9f307d42f670"},"headline":"Aos 23 anos, baiano Samuel Sanches chega ao UFC ap\u00f3s nocaute marcante no Dana White Contender Series","datePublished":"2026-08-27T13:58:21+00:00","dateModified":"2026-08-27T16:17:21+00:00","mainEntityOfPage":{"@id":"https:\/\/conexaoesportiva.org\/cms\/aos-23-anos-baiano-samuel-sanches-chega-ao-ufc-apos-nocaute-marcante-no-dana-white-contender-series\/"},"wordCount":951,"commentCount":0,"publisher":{"@id":"https:\/\/conexaoesportiva.org\/cms\/#organization"},"image":{"@id":"https:\/\/conexaoesportiva.org\/cms\/aos-23-anos-baiano-samuel-sanches-chega-ao-ufc-apos-nocaute-marcante-no-dana-white-contender-series\/#primaryimage"},"thumbnailUrl":"https:\/\/conexaoesportiva.org\/cms\/wp-content\/uploads\/2026\/08\/WhatsApp-Image-2026-08-27-at-10.53.43.jpeg","articleSection":["Not\u00edcias"],"inLanguage":"pt-BR","potentialAction":[{"@type":"CommentAction","name":"Comment","target":["https:\/\/conexaoesportiva.org\/cms\/aos-23-anos-baiano-samuel-sanches-chega-ao-ufc-apos-nocaute-marcante-no-dana-white-contender-series\/#respond"]}]},{"@type":"WebPage","@id":"https:\/\/conexaoesportiva.org\/cms\/aos-23-anos-baiano-samuel-sanches-chega-ao-ufc-apos-nocaute-marcante-no-dana-white-contender-series\/","url":"https:\/\/conexaoesportiva.org\/cms\/aos-23-anos-baiano-samuel-sanches-chega-ao-ufc-apos-nocaute-marcante-no-dana-white-contender-series\/","name":"Aos 23 anos, baiano Samuel Sanches chega ao UFC ap\u00f3s nocaute marcante no Dana White Contender Series - Conex\u00e3o Esportiva","isPartOf":{"@id":"https:\/\/conexaoesportiva.org\/cms\/#website"},"primaryImageOfPage":{"@id":"https:\/\/conexaoesportiva.org\/cms\/aos-23-anos-baiano-samuel-sanches-chega-ao-ufc-apos-nocaute-marcante-no-dana-white-contender-series\/#primaryimage"},"image":{"@id":"https:\/\/conexaoesportiva.org\/cms\/aos-23-anos-baiano-samuel-sanches-chega-ao-ufc-apos-nocaute-marcante-no-dana-white-contender-series\/#primaryimage"},"thumbnailUrl":"https:\/\/conexaoesportiva.org\/cms\/wp-content\/uploads\/2026\/08\/WhatsApp-Image-2026-08-27-at-10.53.43.jpeg","datePublished":"2026-08-27T13:58:21+00:00","dateModified":"2026-08-27T16:17:21+00:00","breadcrumb":{"@id":"https:\/\/conexaoesportiva.org\/cms\/aos-23-anos-baiano-samuel-sanches-chega-ao-ufc-apos-nocaute-marcante-no-dana-white-contender-series\/#breadcrumb"},"inLanguage":"pt-BR","potentialAction":[{"@type":"ReadAction","target":["https:\/\/conexaoesportiva.org\/cms\/aos-23-anos-baiano-samuel-sanches-chega-ao-ufc-apos-nocaute-marcante-no-dana-white-contender-series\/"]}]},{"@type":"ImageObject","inLanguage":"pt-BR","@id":"https:\/\/conexaoesportiva.org\/cms\/aos-23-anos-baiano-samuel-sanches-chega-ao-ufc-apos-nocaute-marcante-no-dana-white-contender-series\/#primaryimage","url":"https:\/\/conexaoesportiva.org\/cms\/wp-content\/uploads\/2026\/08\/WhatsApp-Image-2026-08-27-at-10.53.43.jpeg","contentUrl":"https:\/\/conexaoesportiva.org\/cms\/wp-content\/uploads\/2026\/08\/WhatsApp-Image-2026-08-27-at-10.53.43.jpeg","width":1320,"height":971},{"@type":"BreadcrumbList","@id":"https:\/\/conexaoesportiva.org\/cms\/aos-23-anos-baiano-samuel-sanches-chega-ao-ufc-apos-nocaute-marcante-no-dana-white-contender-series\/#breadcrumb","itemListElement":[{"@type":"ListItem","position":1,"name":"In\u00edcio","item":"https:\/\/conexaoesportiva.org\/cms\/"},{"@type":"ListItem","position":2,"name":"Aos 23 anos, baiano Samuel Sanches chega ao UFC ap\u00f3s nocaute marcante no Dana White Contender Series"}]},{"@type":"WebSite","@id":"https:\/\/conexaoesportiva.org\/cms\/#website","url":"https:\/\/conexaoesportiva.org\/cms\/","name":"Conex\u00e3o Esportiva","description":"Hub de comunica\u00e7\u00e3o, experi\u00eancias e neg\u00f3cios no esporte.","publisher":{"@id":"https:\/\/conexaoesportiva.org\/cms\/#organization"},"potentialAction":[{"@type":"SearchAction","target":{"@type":"EntryPoint","urlTemplate":"https:\/\/conexaoesportiva.org\/cms\/?s={search_term_string}"},"query-input":{"@type":"PropertyValueSpecification","valueRequired":true,"valueName":"search_term_string"}}],"inLanguage":"pt-BR"},{"@type":"Organization","@id":"https:\/\/conexaoesportiva.org\/cms\/#organization","name":"Conex\u00e3o Esportiva","url":"https:\/\/conexaoesportiva.org\/cms\/","logo":{"@type":"ImageObject","inLanguage":"pt-BR","@id":"https:\/\/conexaoesportiva.org\/cms\/#\/schema\/logo\/image\/","url":"https:\/\/conexaoesportiva.org\/cms\/wp-content\/uploads\/2026\/08\/logo-conexao-esportiva.png","contentUrl":"https:\/\/conexaoesportiva.org\/cms\/wp-content\/uploads\/2026\/08\/logo-conexao-esportiva.png","width":2481,"height":2481,"caption":"Conex\u00e3o Esportiva"},"image":{"@id":"https:\/\/conexaoesportiva.org\/cms\/#\/schema\/logo\/image\/"}},{"@type":"Person","@id":"https:\/\/conexaoesportiva.org\/cms\/#\/schema\/person\/bc5adab05e4a951930ef9f307d42f670","name":"Mari Dias","image":{"@type":"ImageObject","inLanguage":"pt-BR","@id":"https:\/\/secure.gravatar.com\/avatar\/45345599d8ce311e67647ee957e80397e89d30b3497d4cc0d838125bb0e3a1b7?s=96&d=mm&r=g","url":"https:\/\/secure.gravatar.com\/avatar\/45345599d8ce311e67647ee957e80397e89d30b3497d4cc0d838125bb0e3a1b7?s=96&d=mm&r=g","contentUrl":"https:\/\/secure.gravatar.com\/avatar\/45345599d8ce311e67647ee957e80397e89d30b3497d4cc0d838125bb0e3a1b7?s=96&d=mm&r=g","caption":"Mari Dias"},"url":"https:\/\/conexaoesportiva.org\/cms\/author\/mari\/"}]}},"_links":{"self":[{"href":"https:\/\/conexaoesportiva.org\/cms\/wp-json\/wp\/v2\/posts\/84","targetHints":{"allow":["GET"]}}],"collection":[{"href":"https:\/\/conexaoesportiva.org\/cms\/wp-json\/wp\/v2\/posts"}],"about":[{"href":"https:\/\/conexaoesportiva.org\/cms\/wp-json\/wp\/v2\/types\/post"}],"author":[{"embeddable":true,"href":"https:\/\/conexaoesportiva.org\/cms\/wp-json\/wp\/v2\/users\/2"}],"replies":[{"embeddable":true,"href":"https:\/\/conexaoesportiva.org\/cms\/wp-json\/wp\/v2\/comments?post=84"}],"version-history":[{"count":2,"href":"https:\/\/conexaoesportiva.org\/cms\/wp-json\/wp\/v2\/posts\/84\/revisions"}],"predecessor-version":[{"id":90,"href":"https:\/\/conexaoesportiva.org\/cms\/wp-json\/wp\/v2\/posts\/84\/revisions\/90"}],"wp:featuredmedia":[{"embeddable":true,"href":"https:\/\/conexaoesportiva.org\/cms\/wp-json\/wp\/v2\/media\/85"}],"wp:attachment":[{"href":"https:\/\/conexaoesportiva.org\/cms\/wp-json\/wp\/v2\/media?parent=84"}],"wp:term":[{"taxonomy":"category","embeddable":true,"href":"https:\/\/conexaoesportiva.org\/cms\/wp-json\/wp\/v2\/categories?post=84"},{"taxonomy":"post_tag","embeddable":true,"href":"https:\/\/conexaoesportiva.org\/cms\/wp-json\/wp\/v2\/tags?post=84"}],"curies":[{"name":"wp","href":"https:\/\/api.w.org\/{rel}","templated":true}]}}