{"id":97,"date":"2026-08-28T10:32:05","date_gmt":"2026-08-28T13:32:05","guid":{"rendered":"https:\/\/conexaoesportiva.org\/cms\/?p=97"},"modified":"2026-08-28T11:35:05","modified_gmt":"2026-08-28T14:35:05","slug":"salvador-tera-remada-noturna-com-lua-cheia-e-musica-ao-vivo-na-baia-de-todos-os-santos","status":"publish","type":"post","link":"https:\/\/conexaoesportiva.org\/cms\/salvador-tera-remada-noturna-com-lua-cheia-e-musica-ao-vivo-na-baia-de-todos-os-santos\/","title":{"rendered":"Salvador ter\u00e1 remada noturna com lua cheia e m\u00fasica ao vivo na Ba\u00eda de Todos-os-Santos"},"content":{"rendered":"\n<p class=\"wp-block-paragraph\"><em>Atividade acontece nesta sexta-feira, na Praia da Pregui\u00e7a, e prop\u00f5e uma experi\u00eancia que une canoagem, natureza e lazer.<\/em><\/p>\n\n\n\n<p class=\"wp-block-paragraph\"><\/p>\n\n\n\n<p class=\"wp-block-paragraph\">Salvador vai viver uma experi\u00eancia diferente sobre as \u00e1guas da Ba\u00eda de Todos-os-Santos nesta sexta-feira (28). A Praia da Pregui\u00e7a, no Com\u00e9rcio, recebe mais uma edi\u00e7\u00e3o da Remada da Lua Cheia, iniciativa que combina canoagem, contato com a natureza e m\u00fasica ao vivo.<\/p>\n\n\n\n<p class=\"wp-block-paragraph\">A concentra\u00e7\u00e3o est\u00e1 marcada para as 19h. A partir dali, os participantes seguem para uma remada noturna pela Ba\u00eda, aproveitando a paisagem de Salvador iluminada pela lua cheia. A programa\u00e7\u00e3o \u00e9 promovida pelo Clube de Canoagem Kaiaulu Va\u2019a.<\/p>\n\n\n\n<p class=\"wp-block-paragraph\">A proposta vai al\u00e9m da pr\u00e1tica esportiva tradicional. A atividade transforma o exerc\u00edcio em uma experi\u00eancia de lazer e conviv\u00eancia, mostrando como o esporte pode ocupar diferentes espa\u00e7os da cidade e criar novas formas de conex\u00e3o com o ambiente.<\/p>\n\n\n\n<p class=\"wp-block-paragraph\">A programa\u00e7\u00e3o tamb\u00e9m contar\u00e1 com a participa\u00e7\u00e3o do saxofonista Miguel Victor, que far\u00e1 uma apresenta\u00e7\u00e3o de m\u00fasica ao vivo durante a experi\u00eancia.<\/p>\n\n\n\n<p class=\"wp-block-paragraph\">Para quem j\u00e1 pratica canoagem, a remada representa uma oportunidade de vivenciar a modalidade em outro contexto. Para o p\u00fablico que busca novas experi\u00eancias esportivas, \u00e9 tamb\u00e9m uma maneira de conhecer o esporte a partir de uma perspectiva diferente.<\/p>\n\n\n\n<p class=\"wp-block-paragraph\">Servi\u00e7o<\/p>\n\n\n\n<p class=\"wp-block-paragraph\">Remada da Lua Cheia<br>\ud83d\udccd Praia da Pregui\u00e7a, Com\u00e9rcio, Salvador<br>\ud83d\udcc5 Sexta-feira, 28 de agosto<br>\u23f0 Concentra\u00e7\u00e3o \u00e0s 19h<br>\ud83c\udfb7 M\u00fasica ao vivo com Miguel Victor<\/p>\n\n\n\n<p class=\"wp-block-paragraph\">As informa\u00e7\u00f5es sobre participa\u00e7\u00e3o e inscri\u00e7\u00f5es est\u00e3o dispon\u00edveis pelos canais do Kaiaulu Va\u2019a.<\/p>\n\n\n\n<p class=\"wp-block-paragraph\"><\/p>\n","protected":false},"excerpt":{"rendered":"<p>Atividade acontece nesta sexta-feira, na Praia da Pregui\u00e7a, e prop\u00f5e uma experi\u00eancia que une canoagem, natureza e lazer. Salvador vai viver uma\u2026<\/p>\n","protected":false},"author":2,"featured_media":105,"comment_status":"open","ping_status":"open","sticky":false,"template":"","format":"standard","meta":{"footnotes":""},"categories":[3],"tags":[],"class_list":["post-97","post","type-post","status-publish","format-standard","has-post-thumbnail","hentry","category-eventos"],"yoast_head":"<!-- This site is optimized with the Yoast SEO plugin v28.2 - https:\/\/yoast.com\/product\/yoast-seo-wordpress\/ -->\n<title>Salvador ter\u00e1 remada noturna com lua cheia e m\u00fasica ao vivo na Ba\u00eda de Todos-os-Santos - Conex\u00e3o Esportiva<\/title>\n<meta name=\"robots\" content=\"index, follow, max-snippet:-1, max-image-preview:large, max-video-preview:-1\" \/>\n<link rel=\"canonical\" href=\"https:\/\/conexaoesportiva.org\/cms\/salvador-tera-remada-noturna-com-lua-cheia-e-musica-ao-vivo-na-baia-de-todos-os-santos\/\" \/>\n<meta property=\"og:locale\" content=\"pt_BR\" \/>\n<meta property=\"og:type\" content=\"article\" \/>\n<meta property=\"og:title\" content=\"Salvador ter\u00e1 remada noturna com lua cheia e m\u00fasica ao vivo na Ba\u00eda de Todos-os-Santos - Conex\u00e3o Esportiva\" \/>\n<meta property=\"og:description\" content=\"Atividade acontece nesta sexta-feira, na Praia da Pregui\u00e7a, e prop\u00f5e uma experi\u00eancia que une canoagem, natureza e lazer. Salvador vai viver uma\u2026\" \/>\n<meta property=\"og:url\" content=\"https:\/\/conexaoesportiva.org\/cms\/salvador-tera-remada-noturna-com-lua-cheia-e-musica-ao-vivo-na-baia-de-todos-os-santos\/\" \/>\n<meta property=\"og:site_name\" content=\"Conex\u00e3o Esportiva\" \/>\n<meta property=\"article:published_time\" content=\"2026-08-28T13:32:05+00:00\" \/>\n<meta property=\"article:modified_time\" content=\"2026-08-28T14:35:05+00:00\" \/>\n<meta property=\"og:image\" content=\"https:\/\/conexaoesportiva.org\/cms\/wp-content\/uploads\/2026\/08\/WhatsApp-Image-2026-08-28-at-11.33.38.jpeg\" \/>\n\t<meta property=\"og:image:width\" content=\"1080\" \/>\n\t<meta property=\"og:image:height\" content=\"893\" \/>\n\t<meta property=\"og:image:type\" content=\"image\/jpeg\" \/>\n<meta name=\"author\" content=\"Mari Dias\" \/>\n<meta name=\"twitter:card\" content=\"summary_large_image\" \/>\n<meta name=\"twitter:label1\" content=\"Escrito por\" \/>\n\t<meta name=\"twitter:data1\" content=\"Mari Dias\" \/>\n\t<meta name=\"twitter:label2\" content=\"Est. tempo de leitura\" \/>\n\t<meta name=\"twitter:data2\" content=\"2 minutos\" \/>\n<script type=\"application\/ld+json\" class=\"yoast-schema-graph\">{\"@context\":\"https:\\\/\\\/schema.org\",\"@graph\":[{\"@type\":\"Article\",\"@id\":\"https:\\\/\\\/conexaoesportiva.org\\\/cms\\\/salvador-tera-remada-noturna-com-lua-cheia-e-musica-ao-vivo-na-baia-de-todos-os-santos\\\/#article\",\"isPartOf\":{\"@id\":\"https:\\\/\\\/conexaoesportiva.org\\\/cms\\\/salvador-tera-remada-noturna-com-lua-cheia-e-musica-ao-vivo-na-baia-de-todos-os-santos\\\/\"},\"author\":{\"name\":\"Mari Dias\",\"@id\":\"https:\\\/\\\/conexaoesportiva.org\\\/cms\\\/#\\\/schema\\\/person\\\/bc5adab05e4a951930ef9f307d42f670\"},\"headline\":\"Salvador ter\u00e1 remada noturna com lua cheia e m\u00fasica ao vivo na Ba\u00eda de Todos-os-Santos\",\"datePublished\":\"2026-08-28T13:32:05+00:00\",\"dateModified\":\"2026-08-28T14:35:05+00:00\",\"mainEntityOfPage\":{\"@id\":\"https:\\\/\\\/conexaoesportiva.org\\\/cms\\\/salvador-tera-remada-noturna-com-lua-cheia-e-musica-ao-vivo-na-baia-de-todos-os-santos\\\/\"},\"wordCount\":288,\"commentCount\":0,\"publisher\":{\"@id\":\"https:\\\/\\\/conexaoesportiva.org\\\/cms\\\/#organization\"},\"image\":{\"@id\":\"https:\\\/\\\/conexaoesportiva.org\\\/cms\\\/salvador-tera-remada-noturna-com-lua-cheia-e-musica-ao-vivo-na-baia-de-todos-os-santos\\\/#primaryimage\"},\"thumbnailUrl\":\"https:\\\/\\\/conexaoesportiva.org\\\/cms\\\/wp-content\\\/uploads\\\/2026\\\/08\\\/WhatsApp-Image-2026-08-28-at-11.33.38.jpeg\",\"articleSection\":[\"Eventos\"],\"inLanguage\":\"pt-BR\",\"potentialAction\":[{\"@type\":\"CommentAction\",\"name\":\"Comment\",\"target\":[\"https:\\\/\\\/conexaoesportiva.org\\\/cms\\\/salvador-tera-remada-noturna-com-lua-cheia-e-musica-ao-vivo-na-baia-de-todos-os-santos\\\/#respond\"]}]},{\"@type\":\"WebPage\",\"@id\":\"https:\\\/\\\/conexaoesportiva.org\\\/cms\\\/salvador-tera-remada-noturna-com-lua-cheia-e-musica-ao-vivo-na-baia-de-todos-os-santos\\\/\",\"url\":\"https:\\\/\\\/conexaoesportiva.org\\\/cms\\\/salvador-tera-remada-noturna-com-lua-cheia-e-musica-ao-vivo-na-baia-de-todos-os-santos\\\/\",\"name\":\"Salvador ter\u00e1 remada noturna com lua cheia e m\u00fasica ao vivo na Ba\u00eda de Todos-os-Santos - Conex\u00e3o Esportiva\",\"isPartOf\":{\"@id\":\"https:\\\/\\\/conexaoesportiva.org\\\/cms\\\/#website\"},\"primaryImageOfPage\":{\"@id\":\"https:\\\/\\\/conexaoesportiva.org\\\/cms\\\/salvador-tera-remada-noturna-com-lua-cheia-e-musica-ao-vivo-na-baia-de-todos-os-santos\\\/#primaryimage\"},\"image\":{\"@id\":\"https:\\\/\\\/conexaoesportiva.org\\\/cms\\\/salvador-tera-remada-noturna-com-lua-cheia-e-musica-ao-vivo-na-baia-de-todos-os-santos\\\/#primaryimage\"},\"thumbnailUrl\":\"https:\\\/\\\/conexaoesportiva.org\\\/cms\\\/wp-content\\\/uploads\\\/2026\\\/08\\\/WhatsApp-Image-2026-08-28-at-11.33.38.jpeg\",\"datePublished\":\"2026-08-28T13:32:05+00:00\",\"dateModified\":\"2026-08-28T14:35:05+00:00\",\"breadcrumb\":{\"@id\":\"https:\\\/\\\/conexaoesportiva.org\\\/cms\\\/salvador-tera-remada-noturna-com-lua-cheia-e-musica-ao-vivo-na-baia-de-todos-os-santos\\\/#breadcrumb\"},\"inLanguage\":\"pt-BR\",\"potentialAction\":[{\"@type\":\"ReadAction\",\"target\":[\"https:\\\/\\\/conexaoesportiva.org\\\/cms\\\/salvador-tera-remada-noturna-com-lua-cheia-e-musica-ao-vivo-na-baia-de-todos-os-santos\\\/\"]}]},{\"@type\":\"ImageObject\",\"inLanguage\":\"pt-BR\",\"@id\":\"https:\\\/\\\/conexaoesportiva.org\\\/cms\\\/salvador-tera-remada-noturna-com-lua-cheia-e-musica-ao-vivo-na-baia-de-todos-os-santos\\\/#primaryimage\",\"url\":\"https:\\\/\\\/conexaoesportiva.org\\\/cms\\\/wp-content\\\/uploads\\\/2026\\\/08\\\/WhatsApp-Image-2026-08-28-at-11.33.38.jpeg\",\"contentUrl\":\"https:\\\/\\\/conexaoesportiva.org\\\/cms\\\/wp-content\\\/uploads\\\/2026\\\/08\\\/WhatsApp-Image-2026-08-28-at-11.33.38.jpeg\",\"width\":1080,\"height\":893},{\"@type\":\"BreadcrumbList\",\"@id\":\"https:\\\/\\\/conexaoesportiva.org\\\/cms\\\/salvador-tera-remada-noturna-com-lua-cheia-e-musica-ao-vivo-na-baia-de-todos-os-santos\\\/#breadcrumb\",\"itemListElement\":[{\"@type\":\"ListItem\",\"position\":1,\"name\":\"In\u00edcio\",\"item\":\"https:\\\/\\\/conexaoesportiva.org\\\/cms\\\/\"},{\"@type\":\"ListItem\",\"position\":2,\"name\":\"Salvador ter\u00e1 remada noturna com lua cheia e m\u00fasica ao vivo na Ba\u00eda de Todos-os-Santos\"}]},{\"@type\":\"WebSite\",\"@id\":\"https:\\\/\\\/conexaoesportiva.org\\\/cms\\\/#website\",\"url\":\"https:\\\/\\\/conexaoesportiva.org\\\/cms\\\/\",\"name\":\"Conex\u00e3o Esportiva\",\"description\":\"Hub de comunica\u00e7\u00e3o, experi\u00eancias e neg\u00f3cios no esporte.\",\"publisher\":{\"@id\":\"https:\\\/\\\/conexaoesportiva.org\\\/cms\\\/#organization\"},\"potentialAction\":[{\"@type\":\"SearchAction\",\"target\":{\"@type\":\"EntryPoint\",\"urlTemplate\":\"https:\\\/\\\/conexaoesportiva.org\\\/cms\\\/?s={search_term_string}\"},\"query-input\":{\"@type\":\"PropertyValueSpecification\",\"valueRequired\":true,\"valueName\":\"search_term_string\"}}],\"inLanguage\":\"pt-BR\"},{\"@type\":\"Organization\",\"@id\":\"https:\\\/\\\/conexaoesportiva.org\\\/cms\\\/#organization\",\"name\":\"Conex\u00e3o Esportiva\",\"url\":\"https:\\\/\\\/conexaoesportiva.org\\\/cms\\\/\",\"logo\":{\"@type\":\"ImageObject\",\"inLanguage\":\"pt-BR\",\"@id\":\"https:\\\/\\\/conexaoesportiva.org\\\/cms\\\/#\\\/schema\\\/logo\\\/image\\\/\",\"url\":\"https:\\\/\\\/conexaoesportiva.org\\\/cms\\\/wp-content\\\/uploads\\\/2026\\\/08\\\/logo-conexao-esportiva.png\",\"contentUrl\":\"https:\\\/\\\/conexaoesportiva.org\\\/cms\\\/wp-content\\\/uploads\\\/2026\\\/08\\\/logo-conexao-esportiva.png\",\"width\":2481,\"height\":2481,\"caption\":\"Conex\u00e3o Esportiva\"},\"image\":{\"@id\":\"https:\\\/\\\/conexaoesportiva.org\\\/cms\\\/#\\\/schema\\\/logo\\\/image\\\/\"}},{\"@type\":\"Person\",\"@id\":\"https:\\\/\\\/conexaoesportiva.org\\\/cms\\\/#\\\/schema\\\/person\\\/bc5adab05e4a951930ef9f307d42f670\",\"name\":\"Mari Dias\",\"image\":{\"@type\":\"ImageObject\",\"inLanguage\":\"pt-BR\",\"@id\":\"https:\\\/\\\/secure.gravatar.com\\\/avatar\\\/45345599d8ce311e67647ee957e80397e89d30b3497d4cc0d838125bb0e3a1b7?s=96&d=mm&r=g\",\"url\":\"https:\\\/\\\/secure.gravatar.com\\\/avatar\\\/45345599d8ce311e67647ee957e80397e89d30b3497d4cc0d838125bb0e3a1b7?s=96&d=mm&r=g\",\"contentUrl\":\"https:\\\/\\\/secure.gravatar.com\\\/avatar\\\/45345599d8ce311e67647ee957e80397e89d30b3497d4cc0d838125bb0e3a1b7?s=96&d=mm&r=g\",\"caption\":\"Mari Dias\"},\"url\":\"https:\\\/\\\/conexaoesportiva.org\\\/cms\\\/author\\\/mari\\\/\"}]}<\/script>\n<!-- \/ Yoast SEO plugin. -->","yoast_head_json":{"title":"Salvador ter\u00e1 remada noturna com lua cheia e m\u00fasica ao vivo na Ba\u00eda de Todos-os-Santos - Conex\u00e3o Esportiva","robots":{"index":"index","follow":"follow","max-snippet":"max-snippet:-1","max-image-preview":"max-image-preview:large","max-video-preview":"max-video-preview:-1"},"canonical":"https:\/\/conexaoesportiva.org\/cms\/salvador-tera-remada-noturna-com-lua-cheia-e-musica-ao-vivo-na-baia-de-todos-os-santos\/","og_locale":"pt_BR","og_type":"article","og_title":"Salvador ter\u00e1 remada noturna com lua cheia e m\u00fasica ao vivo na Ba\u00eda de Todos-os-Santos - Conex\u00e3o Esportiva","og_description":"Atividade acontece nesta sexta-feira, na Praia da Pregui\u00e7a, e prop\u00f5e uma experi\u00eancia que une canoagem, natureza e lazer. Salvador vai viver uma\u2026","og_url":"https:\/\/conexaoesportiva.org\/cms\/salvador-tera-remada-noturna-com-lua-cheia-e-musica-ao-vivo-na-baia-de-todos-os-santos\/","og_site_name":"Conex\u00e3o Esportiva","article_published_time":"2026-08-28T13:32:05+00:00","article_modified_time":"2026-08-28T14:35:05+00:00","og_image":[{"width":1080,"height":893,"url":"https:\/\/conexaoesportiva.org\/cms\/wp-content\/uploads\/2026\/08\/WhatsApp-Image-2026-08-28-at-11.33.38.jpeg","type":"image\/jpeg"}],"author":"Mari Dias","twitter_card":"summary_large_image","twitter_misc":{"Escrito por":"Mari Dias","Est. tempo de leitura":"2 minutos"},"schema":{"@context":"https:\/\/schema.org","@graph":[{"@type":"Article","@id":"https:\/\/conexaoesportiva.org\/cms\/salvador-tera-remada-noturna-com-lua-cheia-e-musica-ao-vivo-na-baia-de-todos-os-santos\/#article","isPartOf":{"@id":"https:\/\/conexaoesportiva.org\/cms\/salvador-tera-remada-noturna-com-lua-cheia-e-musica-ao-vivo-na-baia-de-todos-os-santos\/"},"author":{"name":"Mari Dias","@id":"https:\/\/conexaoesportiva.org\/cms\/#\/schema\/person\/bc5adab05e4a951930ef9f307d42f670"},"headline":"Salvador ter\u00e1 remada noturna com lua cheia e m\u00fasica ao vivo na Ba\u00eda de Todos-os-Santos","datePublished":"2026-08-28T13:32:05+00:00","dateModified":"2026-08-28T14:35:05+00:00","mainEntityOfPage":{"@id":"https:\/\/conexaoesportiva.org\/cms\/salvador-tera-remada-noturna-com-lua-cheia-e-musica-ao-vivo-na-baia-de-todos-os-santos\/"},"wordCount":288,"commentCount":0,"publisher":{"@id":"https:\/\/conexaoesportiva.org\/cms\/#organization"},"image":{"@id":"https:\/\/conexaoesportiva.org\/cms\/salvador-tera-remada-noturna-com-lua-cheia-e-musica-ao-vivo-na-baia-de-todos-os-santos\/#primaryimage"},"thumbnailUrl":"https:\/\/conexaoesportiva.org\/cms\/wp-content\/uploads\/2026\/08\/WhatsApp-Image-2026-08-28-at-11.33.38.jpeg","articleSection":["Eventos"],"inLanguage":"pt-BR","potentialAction":[{"@type":"CommentAction","name":"Comment","target":["https:\/\/conexaoesportiva.org\/cms\/salvador-tera-remada-noturna-com-lua-cheia-e-musica-ao-vivo-na-baia-de-todos-os-santos\/#respond"]}]},{"@type":"WebPage","@id":"https:\/\/conexaoesportiva.org\/cms\/salvador-tera-remada-noturna-com-lua-cheia-e-musica-ao-vivo-na-baia-de-todos-os-santos\/","url":"https:\/\/conexaoesportiva.org\/cms\/salvador-tera-remada-noturna-com-lua-cheia-e-musica-ao-vivo-na-baia-de-todos-os-santos\/","name":"Salvador ter\u00e1 remada noturna com lua cheia e m\u00fasica ao vivo na Ba\u00eda de Todos-os-Santos - Conex\u00e3o Esportiva","isPartOf":{"@id":"https:\/\/conexaoesportiva.org\/cms\/#website"},"primaryImageOfPage":{"@id":"https:\/\/conexaoesportiva.org\/cms\/salvador-tera-remada-noturna-com-lua-cheia-e-musica-ao-vivo-na-baia-de-todos-os-santos\/#primaryimage"},"image":{"@id":"https:\/\/conexaoesportiva.org\/cms\/salvador-tera-remada-noturna-com-lua-cheia-e-musica-ao-vivo-na-baia-de-todos-os-santos\/#primaryimage"},"thumbnailUrl":"https:\/\/conexaoesportiva.org\/cms\/wp-content\/uploads\/2026\/08\/WhatsApp-Image-2026-08-28-at-11.33.38.jpeg","datePublished":"2026-08-28T13:32:05+00:00","dateModified":"2026-08-28T14:35:05+00:00","breadcrumb":{"@id":"https:\/\/conexaoesportiva.org\/cms\/salvador-tera-remada-noturna-com-lua-cheia-e-musica-ao-vivo-na-baia-de-todos-os-santos\/#breadcrumb"},"inLanguage":"pt-BR","potentialAction":[{"@type":"ReadAction","target":["https:\/\/conexaoesportiva.org\/cms\/salvador-tera-remada-noturna-com-lua-cheia-e-musica-ao-vivo-na-baia-de-todos-os-santos\/"]}]},{"@type":"ImageObject","inLanguage":"pt-BR","@id":"https:\/\/conexaoesportiva.org\/cms\/salvador-tera-remada-noturna-com-lua-cheia-e-musica-ao-vivo-na-baia-de-todos-os-santos\/#primaryimage","url":"https:\/\/conexaoesportiva.org\/cms\/wp-content\/uploads\/2026\/08\/WhatsApp-Image-2026-08-28-at-11.33.38.jpeg","contentUrl":"https:\/\/conexaoesportiva.org\/cms\/wp-content\/uploads\/2026\/08\/WhatsApp-Image-2026-08-28-at-11.33.38.jpeg","width":1080,"height":893},{"@type":"BreadcrumbList","@id":"https:\/\/conexaoesportiva.org\/cms\/salvador-tera-remada-noturna-com-lua-cheia-e-musica-ao-vivo-na-baia-de-todos-os-santos\/#breadcrumb","itemListElement":[{"@type":"ListItem","position":1,"name":"In\u00edcio","item":"https:\/\/conexaoesportiva.org\/cms\/"},{"@type":"ListItem","position":2,"name":"Salvador ter\u00e1 remada noturna com lua cheia e m\u00fasica ao vivo na Ba\u00eda de Todos-os-Santos"}]},{"@type":"WebSite","@id":"https:\/\/conexaoesportiva.org\/cms\/#website","url":"https:\/\/conexaoesportiva.org\/cms\/","name":"Conex\u00e3o Esportiva","description":"Hub de comunica\u00e7\u00e3o, experi\u00eancias e neg\u00f3cios no esporte.","publisher":{"@id":"https:\/\/conexaoesportiva.org\/cms\/#organization"},"potentialAction":[{"@type":"SearchAction","target":{"@type":"EntryPoint","urlTemplate":"https:\/\/conexaoesportiva.org\/cms\/?s={search_term_string}"},"query-input":{"@type":"PropertyValueSpecification","valueRequired":true,"valueName":"search_term_string"}}],"inLanguage":"pt-BR"},{"@type":"Organization","@id":"https:\/\/conexaoesportiva.org\/cms\/#organization","name":"Conex\u00e3o Esportiva","url":"https:\/\/conexaoesportiva.org\/cms\/","logo":{"@type":"ImageObject","inLanguage":"pt-BR","@id":"https:\/\/conexaoesportiva.org\/cms\/#\/schema\/logo\/image\/","url":"https:\/\/conexaoesportiva.org\/cms\/wp-content\/uploads\/2026\/08\/logo-conexao-esportiva.png","contentUrl":"https:\/\/conexaoesportiva.org\/cms\/wp-content\/uploads\/2026\/08\/logo-conexao-esportiva.png","width":2481,"height":2481,"caption":"Conex\u00e3o Esportiva"},"image":{"@id":"https:\/\/conexaoesportiva.org\/cms\/#\/schema\/logo\/image\/"}},{"@type":"Person","@id":"https:\/\/conexaoesportiva.org\/cms\/#\/schema\/person\/bc5adab05e4a951930ef9f307d42f670","name":"Mari Dias","image":{"@type":"ImageObject","inLanguage":"pt-BR","@id":"https:\/\/secure.gravatar.com\/avatar\/45345599d8ce311e67647ee957e80397e89d30b3497d4cc0d838125bb0e3a1b7?s=96&d=mm&r=g","url":"https:\/\/secure.gravatar.com\/avatar\/45345599d8ce311e67647ee957e80397e89d30b3497d4cc0d838125bb0e3a1b7?s=96&d=mm&r=g","contentUrl":"https:\/\/secure.gravatar.com\/avatar\/45345599d8ce311e67647ee957e80397e89d30b3497d4cc0d838125bb0e3a1b7?s=96&d=mm&r=g","caption":"Mari Dias"},"url":"https:\/\/conexaoesportiva.org\/cms\/author\/mari\/"}]}},"_links":{"self":[{"href":"https:\/\/conexaoesportiva.org\/cms\/wp-json\/wp\/v2\/posts\/97","targetHints":{"allow":["GET"]}}],"collection":[{"href":"https:\/\/conexaoesportiva.org\/cms\/wp-json\/wp\/v2\/posts"}],"about":[{"href":"https:\/\/conexaoesportiva.org\/cms\/wp-json\/wp\/v2\/types\/post"}],"author":[{"embeddable":true,"href":"https:\/\/conexaoesportiva.org\/cms\/wp-json\/wp\/v2\/users\/2"}],"replies":[{"embeddable":true,"href":"https:\/\/conexaoesportiva.org\/cms\/wp-json\/wp\/v2\/comments?post=97"}],"version-history":[{"count":1,"href":"https:\/\/conexaoesportiva.org\/cms\/wp-json\/wp\/v2\/posts\/97\/revisions"}],"predecessor-version":[{"id":99,"href":"https:\/\/conexaoesportiva.org\/cms\/wp-json\/wp\/v2\/posts\/97\/revisions\/99"}],"wp:featuredmedia":[{"embeddable":true,"href":"https:\/\/conexaoesportiva.org\/cms\/wp-json\/wp\/v2\/media\/105"}],"wp:attachment":[{"href":"https:\/\/conexaoesportiva.org\/cms\/wp-json\/wp\/v2\/media?parent=97"}],"wp:term":[{"taxonomy":"category","embeddable":true,"href":"https:\/\/conexaoesportiva.org\/cms\/wp-json\/wp\/v2\/categories?post=97"},{"taxonomy":"post_tag","embeddable":true,"href":"https:\/\/conexaoesportiva.org\/cms\/wp-json\/wp\/v2\/tags?post=97"}],"curies":[{"name":"wp","href":"https:\/\/api.w.org\/{rel}","templated":true}]}}